{"id":66576,"date":"2025-11-08T12:54:45","date_gmt":"2025-11-08T09:54:45","guid":{"rendered":"https:\/\/www.egemtv.com\/?p=66576"},"modified":"2025-11-08T12:54:46","modified_gmt":"2025-11-08T09:54:46","slug":"aydin-rengarenk-ciceklerle-bezeniyor","status":"publish","type":"post","link":"https:\/\/www.egemtv.com\/?p=66576","title":{"rendered":"Ayd\u0131n rengarenk \u00e7i\u00e7eklerle bezeniyor"},"content":{"rendered":"<p>Ayd\u0131n B\u00fcy\u00fck\u015fehir Belediyesi, kendi fidanl\u0131klar\u0131nda yeti\u015ftirdi\u011fi 350 bin mevsimlik \u00e7i\u00e7ekle kentin d\u00f6rt bir yan\u0131n\u0131 g\u00fczelle\u015ftiriyor. 17 il\u00e7ede aral\u0131ks\u0131z s\u00fcren \u00e7al\u0131\u015fmalarla Ayd\u0131n, menek\u015fe ve aslana\u011fz\u0131 gibi \u00e7i\u00e7eklerle bahar\u0131 kar\u015f\u0131l\u0131yor.<br \/>\n<br \/>Ayd\u0131n B\u00fcy\u00fck\u015fehir Belediyesi, Ayd\u0131n\u2019\u0131 mevsimlik \u00e7i\u00e7ekler ile s\u00fcslemeye devam ediyor. Ayd\u0131n\u2019\u0131n t\u00fcm il\u00e7elerinde \u00e7al\u0131\u015fmalar h\u0131z kesmeden s\u00fcr\u00fcyor. B\u00fcy\u00fck\u015fehir Belediyesi Park ve Bah\u00e7eler Dairesi Ba\u015fkanl\u0131\u011f\u0131 ekipleri, 17 il\u00e7enin tamam\u0131nda ger\u00e7ekle\u015ftirdi\u011fi \u00e7i\u00e7ek dikimi i\u015flemlerine devam ediyor. Ayd\u0131n, tamam\u0131 B\u00fcy\u00fck\u015fehir Belediyesi taraf\u0131ndan yeti\u015ftirilen on binlerce \u00e7i\u00e7ek ile s\u00fcsleniyor.<br \/>\n<br \/>Ayd\u0131n\u2019\u0131n t\u00fcm il\u00e7elerinde, ana arterlerin yan\u0131 s\u0131ra B\u00fcy\u00fck\u015fehir Belediyesi\u2019nin sorumluluk alan\u0131ndaki t\u00fcm kav\u015fak ve yollarda bak\u0131m ve \u00e7i\u00e7eklendirme \u00e7al\u0131\u015fmalar\u0131 devam ediyor. Kent genelinde dikimi ger\u00e7ekle\u015ftirilen t\u00fcm \u00e7i\u00e7ekleri kendi b\u00fcnyesinde bulunan fidanl\u0131klarda \u00fcreten B\u00fcy\u00fck\u015fehir Belediyesi,  ilk etapta 350 bin \u00e7i\u00e7e\u011fi sezonda dikimi ger\u00e7ekle\u015ftirilmek \u00fczere yeti\u015ftirdi. \u00c7al\u0131\u015fmalarda mevsimlik \u00e7i\u00e7ekler olan menek\u015fe, godetya, aslana\u011fz\u0131, calendula ve beliz \u00e7i\u00e7ekleri kullan\u0131l\u0131yor. \u00c7al\u0131\u015fmalardan memnuniyet duyduklar\u0131n\u0131 belirten vatanda\u015flar, Ayd\u0131n B\u00fcy\u00fck\u015fehir Belediye Ba\u015fkan\u0131 \u00d6zlem \u00c7er\u00e7io\u011flu\u2019na te\u015fekk\u00fcr etti.<br \/><\/p>\n","protected":false},"excerpt":{"rendered":"<p>Ayd\u0131n B\u00fcy\u00fck\u015fehir Belediyesi, kendi fidanl\u0131klar\u0131nda yeti\u015ftirdi\u011fi 350 bin mevsimlik \u00e7i\u00e7ekle kentin d\u00f6rt bir yan\u0131n\u0131 g\u00fczelle\u015ftiriyor. 17 il\u00e7ede aral\u0131ks\u0131z s\u00fcren \u00e7al\u0131\u015fmalarla Ayd\u0131n, menek\u015fe ve aslana\u011fz\u0131 gibi \u00e7i\u00e7eklerle bahar\u0131 kar\u015f\u0131l\u0131yor. Ayd\u0131n B\u00fcy\u00fck\u015fehir Belediyesi, Ayd\u0131n\u2019\u0131 mevsimlik \u00e7i\u00e7ekler ile s\u00fcslemeye devam ediyor. Ayd\u0131n\u2019\u0131n t\u00fcm il\u00e7elerinde \u00e7al\u0131\u015fmalar h\u0131z kesmeden s\u00fcr\u00fcyor. B\u00fcy\u00fck\u015fehir Belediyesi Park ve Bah\u00e7eler Dairesi Ba\u015fkanl\u0131\u011f\u0131 ekipleri, 17 il\u00e7enin&#8230;<\/p>\n","protected":false},"author":1,"featured_media":66577,"comment_status":"open","ping_status":"open","sticky":false,"template":"","format":"standard","meta":{"_crdt_document":"","footnotes":""},"categories":[1],"tags":[],"class_list":["post-66576","post","type-post","status-publish","format-standard","has-post-thumbnail","hentry","category-guncel"],"_links":{"self":[{"href":"https:\/\/www.egemtv.com\/index.php?rest_route=\/wp\/v2\/posts\/66576","targetHints":{"allow":["GET"]}}],"collection":[{"href":"https:\/\/www.egemtv.com\/index.php?rest_route=\/wp\/v2\/posts"}],"about":[{"href":"https:\/\/www.egemtv.com\/index.php?rest_route=\/wp\/v2\/types\/post"}],"author":[{"embeddable":true,"href":"https:\/\/www.egemtv.com\/index.php?rest_route=\/wp\/v2\/users\/1"}],"replies":[{"embeddable":true,"href":"https:\/\/www.egemtv.com\/index.php?rest_route=%2Fwp%2Fv2%2Fcomments&post=66576"}],"version-history":[{"count":1,"href":"https:\/\/www.egemtv.com\/index.php?rest_route=\/wp\/v2\/posts\/66576\/revisions"}],"predecessor-version":[{"id":66578,"href":"https:\/\/www.egemtv.com\/index.php?rest_route=\/wp\/v2\/posts\/66576\/revisions\/66578"}],"wp:featuredmedia":[{"embeddable":true,"href":"https:\/\/www.egemtv.com\/index.php?rest_route=\/wp\/v2\/media\/66577"}],"wp:attachment":[{"href":"https:\/\/www.egemtv.com\/index.php?rest_route=%2Fwp%2Fv2%2Fmedia&parent=66576"}],"wp:term":[{"taxonomy":"category","embeddable":true,"href":"https:\/\/www.egemtv.com\/index.php?rest_route=%2Fwp%2Fv2%2Fcategories&post=66576"},{"taxonomy":"post_tag","embeddable":true,"href":"https:\/\/www.egemtv.com\/index.php?rest_route=%2Fwp%2Fv2%2Ftags&post=66576"}],"curies":[{"name":"wp","href":"https:\/\/api.w.org\/{rel}","templated":true}]}}