{"id":66573,"date":"2025-11-08T12:35:57","date_gmt":"2025-11-08T09:35:57","guid":{"rendered":"https:\/\/www.egemtv.com\/?p=66573"},"modified":"2025-11-08T12:35:58","modified_gmt":"2025-11-08T09:35:58","slug":"aydinda-otizmli-cocuklar-icin-esit-ve-ucretsiz-egitim-firsati","status":"publish","type":"post","link":"https:\/\/www.egemtv.com\/?p=66573","title":{"rendered":"Ayd\u0131n\u2019da otizmli \u00e7ocuklar i\u00e7in e\u015fit ve \u00fccretsiz e\u011fitim f\u0131rsat\u0131"},"content":{"rendered":"<p>Ayd\u0131n B\u00fcy\u00fck\u015fehir Belediyesi\u2019nin \u00fccretsiz Otizm Destek Merkezleri, \u00f6zel gereksinimli \u00e7ocuklar\u0131n e\u011fitim yolculu\u011funa \u0131\u015f\u0131k olurken, Ba\u015fkan \u00d6zlem \u00c7er\u00e7io\u011flu; &#8220;Her \u00e7ocu\u011fumuzun \u0131\u015f\u0131\u011f\u0131 parlas\u0131n diye \u00e7al\u0131\u015f\u0131yoruz&#8221; dedi.<\/p>\n<p>Ayd\u0131n B\u00fcy\u00fck\u015fehir Belediyesi\u2019nin hayata ge\u00e7irdi\u011fi Otizm Destek Merkezleri ile Otizm Sanat ve Geli\u015fim Merkezi, y\u00fczlerce \u00f6zel \u00f6\u011frencinin e\u011fitim yolculu\u011funa \u0131\u015f\u0131k tutmaya devam ediyor. Kent genelinde hizmet veren ve tamam\u0131yla \u00fccretsiz olan merkezlerde \u00e7ocuklar, uzman e\u011fitmenler e\u015fli\u011finde e\u011flenerek \u00f6\u011freniyor, sosyal ve fiziksel geli\u015fimlerini g\u00fc\u00e7lendiren etkinliklerle keyifli vakit ge\u00e7iriyor. Merkezlerde m\u00fczik, resim, spor ve ya\u015fam becerileri gibi alanlarda verilen e\u011fitimlerin yan\u0131 s\u0131ra birebir derslerle okuma, yazma ve temel matematik \u00f6\u011fretimi de yap\u0131l\u0131yor. Fizyoterapi hizmetleriyle \u00e7ocuklar\u0131n el, ayak ve v\u00fccut koordinasyonlar\u0131 destekleniyor.<\/p>\n<p>Haftan\u0131n alt\u0131 g\u00fcn\u00fc, 09.00-18.00 saatleri aras\u0131nda hizmet veren merkezlerde, velilere de destek olunuyor. \u00c7ocuklar\u0131n\u0131n e\u011fitimleri i\u00e7in B\u00fcy\u00fck\u015fehir Belediyesi\u2019nin merkezlerine gelen veliler, B\u00fcy\u00fck\u015fehir Belediyesi\u2019nin uzman psikologlar\u0131 ile birebir g\u00f6r\u00fc\u015fme sa\u011flayabiliyor. Ayd\u0131n B\u00fcy\u00fck\u015fehir Belediye Ba\u015fkan\u0131 \u00d6zlem \u00c7er\u00e7io\u011flu, \u00f6zel e\u011fitimde f\u0131rsat e\u015fitli\u011fi olu\u015fturman\u0131n en \u00f6nemli hedeflerinden biri oldu\u011funu belirterek &#8220;Otizmli evlatlar\u0131m\u0131z\u0131n her biri, toplumumuzun k\u0131ymetli bir par\u00e7as\u0131. Onlar\u0131n e\u011fitimle, sanatla, sporla daha g\u00fc\u00e7l\u00fc bir \u015fekilde hayata kat\u0131lmalar\u0131 i\u00e7in var g\u00fcc\u00fcm\u00fczle \u00e7al\u0131\u015f\u0131yoruz. Her \u00e7ocu\u011fumuzun \u0131\u015f\u0131\u011f\u0131 parlas\u0131n diye bu merkezleri b\u00fcy\u00fctmeye, \u00e7o\u011faltmaya devam edece\u011fiz&#8221; dedi.<\/p>\n<p>&#8220;\u00d6zlem Ba\u015fkan\u0131m\u0131za \u00e7ok te\u015fekk\u00fcr ederiz&#8221;<br \/>\n<br \/>B\u00fcy\u00fck\u015fehir Belediyesi taraf\u0131ndan a\u00e7\u0131l\u0131\u015f\u0131 ger\u00e7ekle\u015ftirilen Otizm Destek Merkezleri\u2019nde \u00e7ocuklar\u0131n\u0131n e\u011fitim g\u00f6rmesi i\u00e7in U\u015fak\u2019tan Ayd\u0131n\u2019a ta\u015f\u0131nd\u0131klar\u0131n\u0131 belirten Ceyda Kozaman, &#8220;8 ya\u015f\u0131nda otizmli bir \u00e7ocuk sahibiyim. Buraya ara\u015ft\u0131rarak geldik, U\u015fak\u2019tan geldik. S\u0131rf bu merkez i\u00e7in geldik \u00e7ocu\u011fumuza destek olabilmek i\u00e7in. Bir\u00e7ok yerde \u00f6zel ders almak zorunda kald\u0131k, \u00f6zel dersler malum \u00e7ok y\u00fcksek fiyatl\u0131. Burada ise herkes \u00e7ok ilgili. Bir aile gibi, evin i\u00e7inde gibi herkes. Kap\u0131dan girdi\u011finiz gibi bir ki\u015fi yeti\u015femezse \u00f6b\u00fcr\u00fc yeti\u015fiyor, bir yerde eksiklik varsa ba\u015fka biri tamaml\u0131yor. Kimse de \u2018Benim i\u015fim bu\u2019 deyip kenara \u00e7ekilmiyor. \u00c7ocu\u011fumuzda da ilerleme var \u00e7ok \u015f\u00fck\u00fcr, merdivenlerden teker teker \u00e7\u0131k\u0131yor art\u0131k, kendini durdurabiliyor. \u00c7ocu\u011fum da \u00e7ok severek geliyor buraya, yolda gelirken bile beni \u00e7eki\u015ftire \u00e7eki\u015ftire geliyor. \u00c7ok memnunuz, b\u00f6yle imkanlar\u0131 bize sa\u011flad\u0131\u011f\u0131 i\u00e7in \u00d6zlem Ba\u015fkan\u0131m\u0131za \u00e7ok te\u015fekk\u00fcr ederiz&#8221; ifadelerini kulland\u0131.<\/p>\n<p>&#8220;\u00c7ocuklar\u0131m\u0131z\u0131n geli\u015fimine her g\u00fcn \u015fahit oluyoruz&#8221;<br \/>\n<br \/>\u00c7ocu\u011funun Ayd\u0131n Tekstil Park\u2019ta bulunan Otizm Sanat ve Geli\u015fim Merkezi\u2019nde e\u011fitim g\u00f6rd\u00fc\u011f\u00fcn\u00fc belirten Fatma Din\u00e7, merkezleri Ayd\u0131n\u2019a kazand\u0131ran Ba\u015fkan \u00c7er\u00e7io\u011flu\u2019na te\u015fekk\u00fcr ederek &#8220;\u00c7ama\u015f\u0131r makinesine \u00e7ama\u015f\u0131r at\u0131p, onlar\u0131 sermesini ve toplamas\u0131n\u0131 \u00f6\u011frendi. Yemek masas\u0131na sofray\u0131 kurup \u00e7ok g\u00fczel bir \u015fekilde servis yapt\u0131. Elektrikli s\u00fcp\u00fcrgeden \u00e7ok korkan, sesinden \u00e7ok korkan \u00e7ocu\u011fum toz almay\u0131 \u00f6\u011frendi, art\u0131k s\u00fcp\u00fcrgeyi kullanabiliyor. G\u00fczel bir \u015fekilde bana yard\u0131mc\u0131 oluyor. \u00d6zlem \u00c7er\u00e7io\u011flu\u2019na b\u00f6yle bir yeri a\u00e7t\u0131\u011f\u0131 i\u00e7in ayr\u0131 bir hayranl\u0131k duyuyorum, \u00e7ok te\u015fekk\u00fcrlerimi sunuyorum&#8221; dedi.<\/p>\n<p>B\u00fcy\u00fck\u015fehir Belediyesi Otizm Destek Merkezi\u2019nde e\u011fitim g\u00f6ren o\u011flunun geli\u015fimine her g\u00fcn daha \u00e7ok \u015fahit olduklar\u0131n\u0131 belirten Hatice Yaz\u0131rl\u0131 ise &#8220;\u00c7ocu\u011fum art\u0131k daha \u00e7ok sosyalle\u015fmeye ba\u015flad\u0131. Kendini ifade edebiliyor, sorumluluklar\u0131n\u0131 al\u0131yor, anlat\u0131nca anl\u0131yor, \u2018\u015eunu \u015f\u00f6yle yap\u2019 deyince yap\u0131yor art\u0131k. \u00c7ocuklar\u0131m\u0131z\u0131n geli\u015fimine her g\u00fcn \u015fahit oluyoruz \u00d6zlem Ba\u015fkan\u0131m\u0131z her zaman \u00e7ok ba\u015far\u0131l\u0131 i\u015fler yap\u0131yor Ayd\u0131n i\u00e7in, memnunuz, her zaman yan\u0131nday\u0131z&#8221; diye konu\u015ftu.<br \/><\/p>\n","protected":false},"excerpt":{"rendered":"<p>Ayd\u0131n B\u00fcy\u00fck\u015fehir Belediyesi\u2019nin \u00fccretsiz Otizm Destek Merkezleri, \u00f6zel gereksinimli \u00e7ocuklar\u0131n e\u011fitim yolculu\u011funa \u0131\u015f\u0131k olurken, Ba\u015fkan \u00d6zlem \u00c7er\u00e7io\u011flu; &#8220;Her \u00e7ocu\u011fumuzun \u0131\u015f\u0131\u011f\u0131 parlas\u0131n diye \u00e7al\u0131\u015f\u0131yoruz&#8221; dedi. Ayd\u0131n B\u00fcy\u00fck\u015fehir Belediyesi\u2019nin hayata ge\u00e7irdi\u011fi Otizm Destek Merkezleri ile Otizm Sanat ve Geli\u015fim Merkezi, y\u00fczlerce \u00f6zel \u00f6\u011frencinin e\u011fitim yolculu\u011funa \u0131\u015f\u0131k tutmaya devam ediyor. Kent genelinde hizmet veren ve tamam\u0131yla \u00fccretsiz olan&#8230;<\/p>\n","protected":false},"author":1,"featured_media":66574,"comment_status":"open","ping_status":"open","sticky":false,"template":"","format":"standard","meta":{"_crdt_document":"","footnotes":""},"categories":[1],"tags":[],"class_list":["post-66573","post","type-post","status-publish","format-standard","has-post-thumbnail","hentry","category-guncel"],"_links":{"self":[{"href":"https:\/\/www.egemtv.com\/index.php?rest_route=\/wp\/v2\/posts\/66573","targetHints":{"allow":["GET"]}}],"collection":[{"href":"https:\/\/www.egemtv.com\/index.php?rest_route=\/wp\/v2\/posts"}],"about":[{"href":"https:\/\/www.egemtv.com\/index.php?rest_route=\/wp\/v2\/types\/post"}],"author":[{"embeddable":true,"href":"https:\/\/www.egemtv.com\/index.php?rest_route=\/wp\/v2\/users\/1"}],"replies":[{"embeddable":true,"href":"https:\/\/www.egemtv.com\/index.php?rest_route=%2Fwp%2Fv2%2Fcomments&post=66573"}],"version-history":[{"count":1,"href":"https:\/\/www.egemtv.com\/index.php?rest_route=\/wp\/v2\/posts\/66573\/revisions"}],"predecessor-version":[{"id":66575,"href":"https:\/\/www.egemtv.com\/index.php?rest_route=\/wp\/v2\/posts\/66573\/revisions\/66575"}],"wp:featuredmedia":[{"embeddable":true,"href":"https:\/\/www.egemtv.com\/index.php?rest_route=\/wp\/v2\/media\/66574"}],"wp:attachment":[{"href":"https:\/\/www.egemtv.com\/index.php?rest_route=%2Fwp%2Fv2%2Fmedia&parent=66573"}],"wp:term":[{"taxonomy":"category","embeddable":true,"href":"https:\/\/www.egemtv.com\/index.php?rest_route=%2Fwp%2Fv2%2Fcategories&post=66573"},{"taxonomy":"post_tag","embeddable":true,"href":"https:\/\/www.egemtv.com\/index.php?rest_route=%2Fwp%2Fv2%2Ftags&post=66573"}],"curies":[{"name":"wp","href":"https:\/\/api.w.org\/{rel}","templated":true}]}}