{"id":66570,"date":"2025-11-08T12:35:56","date_gmt":"2025-11-08T09:35:56","guid":{"rendered":"https:\/\/www.egemtv.com\/?p=66570"},"modified":"2025-11-08T12:35:57","modified_gmt":"2025-11-08T09:35:57","slug":"kutahyada-dolu-yagisi-etkili-oldu","status":"publish","type":"post","link":"https:\/\/www.egemtv.com\/?p=66570","title":{"rendered":"K\u00fctahya\u2019da dolu ya\u011f\u0131\u015f\u0131 etkili oldu"},"content":{"rendered":"<p>K\u00fctahya\u2019n\u0131n Tav\u015fanl\u0131 il\u00e7esinde \u00f6\u011fle saatlerinde etkili olan sa\u011fanak ya\u011fmur, k\u0131sa s\u00fcrede yerini dolu ya\u011f\u0131\u015f\u0131na b\u0131rakt\u0131.<br \/>\n<br \/>Aniden bast\u0131ran ve yakla\u015f\u0131k 5 dakika s\u00fcren ceviz b\u00fcy\u00fckl\u00fc\u011f\u00fcndeki dolu ya\u011f\u0131\u015f\u0131, il\u00e7enin bir\u00e7ok noktas\u0131nda hayat\u0131 olumsuz etkiledi. Yo\u011fun dolu ya\u011f\u0131\u015f\u0131 sonras\u0131nda yollar ve ye\u015fil alanlar tamamen beyaza b\u00fcr\u00fcnerek adeta k\u0131\u015f mevsimini ya\u015fatt\u0131. Vatanda\u015flar \u015fa\u015fk\u0131nl\u0131k ya\u015farken, baz\u0131 vatanda\u015flar bu anlar\u0131 cep telefonlar\u0131yla kaydetti.<br \/>\n<br \/>Dolu ya\u011f\u0131\u015f\u0131n\u0131n en etkili oldu\u011fu b\u00f6lgelerden biri de Tav\u015fanl\u0131-K\u00fctahya karayolu oldu. Karayolunun \u00c7obank\u00f6y, \u00d6renk\u00f6y ve K\u00f6pr\u00fc\u00f6ren mevkileri, ya\u011fan dolunun kal\u0131n tabakas\u0131yla kaplanarak sanki kar ya\u011fm\u0131\u015f gibi bir g\u00f6r\u00fcnt\u00fc olu\u015fturdu. Ya\u011f\u0131\u015f nedeniyle karayolunda g\u00f6r\u00fc\u015f mesafesi d\u00fc\u015ferken, s\u00fcr\u00fcc\u00fcler zor anlar ya\u015fad\u0131.<br \/>\n<br \/>\u00d6te yandan, dolu ya\u011f\u0131\u015f\u0131 ile e\u015f zamanl\u0131 olarak g\u00f6ky\u00fcz\u00fcnde s\u0131k s\u0131k \u00e7akan ve yeri g\u00f6\u011f\u00fc ayd\u0131nlatan \u015fim\u015fekler ve y\u0131ld\u0131r\u0131m d\u00fc\u015fmeleri ise adeta bir g\u00f6rsel \u015fova d\u00f6n\u00fc\u015ft\u00fc.<br \/>\n<br \/>Uzun yol \u015fof\u00f6rlerinden Kadir D\u00f6nmez, yolculuk s\u0131ras\u0131nda kar\u015f\u0131la\u015ft\u0131klar\u0131 manzaran\u0131n \u015fa\u015f\u0131rt\u0131c\u0131 oldu\u011funu dile getirdi.<br \/>\n<br \/>D\u00f6nmez, &#8220;Ya\u011f\u0131\u015f \u00e7ok \u015fiddetliydi. Arac\u0131m\u0131z\u0131n \u015f\u00fck\u00fcr ki ge\u00e7ti\u011fimiz hafta lastiklerini k\u0131\u015fl\u0131k yapt\u0131k. Yollar kar gibi dolu kapland\u0131. K\u0131\u015fl\u0131k lastiklerimiz sayesinde bir s\u0131k\u0131nt\u0131 ya\u015famadan bu mevkileri ge\u00e7ebildik&#8221; ifadelerini kulland\u0131.<br \/><\/p>\n","protected":false},"excerpt":{"rendered":"<p>K\u00fctahya\u2019n\u0131n Tav\u015fanl\u0131 il\u00e7esinde \u00f6\u011fle saatlerinde etkili olan sa\u011fanak ya\u011fmur, k\u0131sa s\u00fcrede yerini dolu ya\u011f\u0131\u015f\u0131na b\u0131rakt\u0131. Aniden bast\u0131ran ve yakla\u015f\u0131k 5 dakika s\u00fcren ceviz b\u00fcy\u00fckl\u00fc\u011f\u00fcndeki dolu ya\u011f\u0131\u015f\u0131, il\u00e7enin bir\u00e7ok noktas\u0131nda hayat\u0131 olumsuz etkiledi. Yo\u011fun dolu ya\u011f\u0131\u015f\u0131 sonras\u0131nda yollar ve ye\u015fil alanlar tamamen beyaza b\u00fcr\u00fcnerek adeta k\u0131\u015f mevsimini ya\u015fatt\u0131. Vatanda\u015flar \u015fa\u015fk\u0131nl\u0131k ya\u015farken, baz\u0131 vatanda\u015flar bu anlar\u0131 cep&#8230;<\/p>\n","protected":false},"author":1,"featured_media":66571,"comment_status":"open","ping_status":"open","sticky":false,"template":"","format":"standard","meta":{"_crdt_document":"","footnotes":""},"categories":[1],"tags":[],"class_list":["post-66570","post","type-post","status-publish","format-standard","has-post-thumbnail","hentry","category-guncel"],"_links":{"self":[{"href":"https:\/\/www.egemtv.com\/index.php?rest_route=\/wp\/v2\/posts\/66570","targetHints":{"allow":["GET"]}}],"collection":[{"href":"https:\/\/www.egemtv.com\/index.php?rest_route=\/wp\/v2\/posts"}],"about":[{"href":"https:\/\/www.egemtv.com\/index.php?rest_route=\/wp\/v2\/types\/post"}],"author":[{"embeddable":true,"href":"https:\/\/www.egemtv.com\/index.php?rest_route=\/wp\/v2\/users\/1"}],"replies":[{"embeddable":true,"href":"https:\/\/www.egemtv.com\/index.php?rest_route=%2Fwp%2Fv2%2Fcomments&post=66570"}],"version-history":[{"count":1,"href":"https:\/\/www.egemtv.com\/index.php?rest_route=\/wp\/v2\/posts\/66570\/revisions"}],"predecessor-version":[{"id":66572,"href":"https:\/\/www.egemtv.com\/index.php?rest_route=\/wp\/v2\/posts\/66570\/revisions\/66572"}],"wp:featuredmedia":[{"embeddable":true,"href":"https:\/\/www.egemtv.com\/index.php?rest_route=\/wp\/v2\/media\/66571"}],"wp:attachment":[{"href":"https:\/\/www.egemtv.com\/index.php?rest_route=%2Fwp%2Fv2%2Fmedia&parent=66570"}],"wp:term":[{"taxonomy":"category","embeddable":true,"href":"https:\/\/www.egemtv.com\/index.php?rest_route=%2Fwp%2Fv2%2Fcategories&post=66570"},{"taxonomy":"post_tag","embeddable":true,"href":"https:\/\/www.egemtv.com\/index.php?rest_route=%2Fwp%2Fv2%2Ftags&post=66570"}],"curies":[{"name":"wp","href":"https:\/\/api.w.org\/{rel}","templated":true}]}}