{"id":66567,"date":"2025-11-08T11:55:20","date_gmt":"2025-11-08T08:55:20","guid":{"rendered":"https:\/\/www.egemtv.com\/?p=66567"},"modified":"2025-11-08T11:55:21","modified_gmt":"2025-11-08T08:55:21","slug":"muglada-ataturk-sevgisi-siirle-taclandi","status":"publish","type":"post","link":"https:\/\/www.egemtv.com\/?p=66567","title":{"rendered":"Mu\u011fla\u2019da Atat\u00fcrk sevgisi \u015fiirle ta\u00e7land\u0131"},"content":{"rendered":"<p>Mente\u015fe \u0130l\u00e7e Milli E\u011fitim M\u00fcd\u00fcrl\u00fc\u011f\u00fc\u2019n\u00fcn d\u00fczenledi\u011fi 10 Kas\u0131m \u015eiir Yar\u0131\u015fmas\u0131\u2019nda dereceye giren ilkokul \u00f6\u011frencileri, \u00f6d\u00fcllerini anlaml\u0131 bir t\u00f6renle ald\u0131.<\/p>\n<p>T\u00fcrkiye Cumhuriyeti\u2019nin kurucusu Gazi Mustafa Kemal Atat\u00fcrk\u2019\u00fcn ebediyete intikalinin y\u0131l d\u00f6n\u00fcm\u00fc olan 10 Kas\u0131m Atat\u00fcrk\u2019\u00fc Anma Haftas\u0131 etkinlikleri kapsam\u0131nda, Mente\u015fe\u2019de duygu dolu bir \u00f6d\u00fcl t\u00f6reni d\u00fczenlendi. Mente\u015fe \u0130l\u00e7e Milli E\u011fitim M\u00fcd\u00fcrl\u00fc\u011f\u00fc taraf\u0131ndan organize edilen ilkokullar aras\u0131 \u015fiir yar\u0131\u015fmas\u0131, minik \u00f6\u011frencilerin Atat\u00fcrk\u2019e olan sevgi ve sayg\u0131lar\u0131n\u0131 m\u0131sralara d\u00f6kt\u00fc\u011f\u00fc anlaml\u0131 bir etkinli\u011fe d\u00f6n\u00fc\u015ft\u00fc. B\u00fcy\u00fck bir heyecana sahne olan \u00f6d\u00fcl t\u00f6reninde, yazd\u0131klar\u0131 \u015fiirlerle hem Atat\u00fcrk sevgisini hem de Cumhuriyet bilincini i\u00e7ten duygularla ifade eden dereceye giren \u00f6\u011frenciler, plaketlerini Mente\u015fe \u0130l\u00e7e Milli E\u011fitim M\u00fcd\u00fcr\u00fc \u0130dris K\u00f6m\u00fcrc\u00fc\u2019n\u00fcn elinden ald\u0131.<\/p>\n<p>M\u00fcd\u00fcr K\u00f6m\u00fcrc\u00fc, t\u00f6rende yapt\u0131\u011f\u0131 konu\u015fmada, \u00f6\u011frencilerin ba\u015far\u0131s\u0131n\u0131 kutlayarak &#8220;Atat\u00fcrk sevgisini y\u00fcrekten hissederek \u015fiirleriyle bu anlaml\u0131 haftaya katk\u0131 sunan t\u00fcm \u00f6\u011frencilerimizi g\u00f6n\u00fclden tebrik ediyorum. Onlar\u0131n bu ya\u015fta g\u00f6sterdi\u011fi duyarl\u0131l\u0131k ve ba\u015far\u0131, bizler i\u00e7in gurur kayna\u011f\u0131d\u0131r. Ba\u015far\u0131lar\u0131n\u0131n devam\u0131n\u0131 diliyor, gelecekte de ayn\u0131 duyarl\u0131l\u0131kla vatana hizmet etmelerini temenni ediyorum&#8221; dedi.<\/p>\n<p>\u0130l\u00e7e Milli E\u011fitim M\u00fcd\u00fcrl\u00fc\u011f\u00fc, yar\u0131\u015fmada sadece kazananlar\u0131 de\u011fil, t\u00fcm kat\u0131l\u0131mc\u0131lar\u0131 takdir etti\u011fini belirterek yapt\u0131\u011f\u0131 a\u00e7\u0131klamada &#8220;Atat\u00fcrk sevgisini y\u00fcrekten hissederek \u015fiirleriyle anlaml\u0131 bir katk\u0131 sunan t\u00fcm \u00f6\u011frencilerimizi ve bu ba\u015far\u0131da eme\u011fi ge\u00e7en de\u011ferli \u00f6\u011fretmenlerimizi kutluyoruz&#8221; ifadeleri yer ald\u0131.<br \/><\/p>\n","protected":false},"excerpt":{"rendered":"<p>Mente\u015fe \u0130l\u00e7e Milli E\u011fitim M\u00fcd\u00fcrl\u00fc\u011f\u00fc\u2019n\u00fcn d\u00fczenledi\u011fi 10 Kas\u0131m \u015eiir Yar\u0131\u015fmas\u0131\u2019nda dereceye giren ilkokul \u00f6\u011frencileri, \u00f6d\u00fcllerini anlaml\u0131 bir t\u00f6renle ald\u0131. T\u00fcrkiye Cumhuriyeti\u2019nin kurucusu Gazi Mustafa Kemal Atat\u00fcrk\u2019\u00fcn ebediyete intikalinin y\u0131l d\u00f6n\u00fcm\u00fc olan 10 Kas\u0131m Atat\u00fcrk\u2019\u00fc Anma Haftas\u0131 etkinlikleri kapsam\u0131nda, Mente\u015fe\u2019de duygu dolu bir \u00f6d\u00fcl t\u00f6reni d\u00fczenlendi. Mente\u015fe \u0130l\u00e7e Milli E\u011fitim M\u00fcd\u00fcrl\u00fc\u011f\u00fc taraf\u0131ndan organize edilen ilkokullar aras\u0131&#8230;<\/p>\n","protected":false},"author":1,"featured_media":66568,"comment_status":"open","ping_status":"open","sticky":false,"template":"","format":"standard","meta":{"_crdt_document":"","footnotes":""},"categories":[1],"tags":[],"class_list":["post-66567","post","type-post","status-publish","format-standard","has-post-thumbnail","hentry","category-guncel"],"_links":{"self":[{"href":"https:\/\/www.egemtv.com\/index.php?rest_route=\/wp\/v2\/posts\/66567","targetHints":{"allow":["GET"]}}],"collection":[{"href":"https:\/\/www.egemtv.com\/index.php?rest_route=\/wp\/v2\/posts"}],"about":[{"href":"https:\/\/www.egemtv.com\/index.php?rest_route=\/wp\/v2\/types\/post"}],"author":[{"embeddable":true,"href":"https:\/\/www.egemtv.com\/index.php?rest_route=\/wp\/v2\/users\/1"}],"replies":[{"embeddable":true,"href":"https:\/\/www.egemtv.com\/index.php?rest_route=%2Fwp%2Fv2%2Fcomments&post=66567"}],"version-history":[{"count":1,"href":"https:\/\/www.egemtv.com\/index.php?rest_route=\/wp\/v2\/posts\/66567\/revisions"}],"predecessor-version":[{"id":66569,"href":"https:\/\/www.egemtv.com\/index.php?rest_route=\/wp\/v2\/posts\/66567\/revisions\/66569"}],"wp:featuredmedia":[{"embeddable":true,"href":"https:\/\/www.egemtv.com\/index.php?rest_route=\/wp\/v2\/media\/66568"}],"wp:attachment":[{"href":"https:\/\/www.egemtv.com\/index.php?rest_route=%2Fwp%2Fv2%2Fmedia&parent=66567"}],"wp:term":[{"taxonomy":"category","embeddable":true,"href":"https:\/\/www.egemtv.com\/index.php?rest_route=%2Fwp%2Fv2%2Fcategories&post=66567"},{"taxonomy":"post_tag","embeddable":true,"href":"https:\/\/www.egemtv.com\/index.php?rest_route=%2Fwp%2Fv2%2Ftags&post=66567"}],"curies":[{"name":"wp","href":"https:\/\/api.w.org\/{rel}","templated":true}]}}