{"id":66564,"date":"2025-11-08T11:55:19","date_gmt":"2025-11-08T08:55:19","guid":{"rendered":"https:\/\/www.egemtv.com\/?p=66564"},"modified":"2025-11-08T11:55:20","modified_gmt":"2025-11-08T08:55:20","slug":"ogrenciler-yaban-hayatini-yakindan-tanidi","status":"publish","type":"post","link":"https:\/\/www.egemtv.com\/?p=66564","title":{"rendered":"\u00d6\u011frenciler yaban hayat\u0131n\u0131 yak\u0131ndan tan\u0131d\u0131"},"content":{"rendered":"<p>Ayd\u0131n\u2019da do\u011fan\u0131n ve yaban hayat\u0131n\u0131n savunucular\u0131 olarak bilinen ekipler, gen\u00e7lere do\u011fan\u0131n \u00f6nemi ve korunmas\u0131 konusunda gen\u00e7lere yol g\u00f6stermeye devam ederken, Do\u011fa E\u011fitim Merkezi\u2019ni ziyaret eden ilkokul \u00f6\u011frencileri biyo\u00e7e\u015fitli\u011fin \u00f6nemini \u00f6\u011frendi, yaban hayat\u0131n\u0131 yak\u0131ndan tan\u0131ma f\u0131rsat\u0131 buldu.<br \/>\n<br \/>Do\u011fa Koruma ve Milli Parklar Ayd\u0131n \u015eube M\u00fcd\u00fcrl\u00fc\u011f\u00fc (DKMP), do\u011fa \u00fczerine bilgilendirmek, do\u011fay\u0131 ke\u015ffetmek ve do\u011faya kar\u015f\u0131 olumlu davran\u0131\u015flar sergilemek i\u00e7in ger\u00e7ekle\u015ftirilen do\u011fa e\u011fitimlerine aral\u0131ks\u0131z devam ediyor. Yaban hayat\u0131 ile uyumlu bir \u015fekilde haz\u0131rlanan Do\u011fa E\u011fitim Merkezi\u2019nde ise \u00f6\u011frenciler a\u011f\u0131rlanmaya devam ediyor. Gen\u00e7 bireylere do\u011fan\u0131n dilini \u00f6\u011fretmek amac\u0131yla ger\u00e7ekle\u015ftirilen ziyaretler kapsam\u0131nda Do\u011fa E\u011fitim Merkezi\u2019ne gelen \u00f6\u011frenciler ise hem keyifli vakit ge\u00e7iriyor hem de e\u011flenerek do\u011fa ve yaban hayat\u0131 ile ilgili bilgiler \u00f6\u011freniyor. Sultanhisar At\u00e7a Atat\u00fcrk \u0130lkokulu \u00f6\u011frencileri Dilek Yar\u0131madas\u0131 B\u00fcy\u00fck Menderes Deltas\u0131 Milli Park M\u00fcd\u00fcrl\u00fc\u011f\u00fc i\u00e7erisinde bulunan Do\u011fa E\u011fitim Merkezi\u2019ni ziyaret etti. Ziyarette uzman e\u011fitmenler taraf\u0131ndan yaban hayvanlar\u0131, Ayd\u0131n\u2019a \u00f6zel endemik bitkiler, do\u011fal ya\u015fam alanlar\u0131, korunan alanlar ve sulak alanlar konular\u0131nda \u00f6\u011frenciler bilgilendirildi.<br \/>\n<br \/>Konu ile ilgili Dilek Yar\u0131madas\u0131 B\u00fcy\u00fck Menderes Deltas\u0131 Milli Park M\u00fcd\u00fcrl\u00fc\u011f\u00fc\u2019nden yap\u0131lan a\u00e7\u0131klamada &#8220;Sultanhisar il\u00e7esi At\u00e7a Atat\u00fcrk \u0130lkokulu \u00f6\u011frencilerini milli park\u0131m\u0131zda misafir ettik. Milli Park i\u00e7erisinde bulunan Do\u011fa E\u011fitim Merkezi\u2019ni ziyaret eden \u00f6\u011frencilere burada yaban hayvanlar\u0131n\u0131n ya\u015fam alanlar\u0131 ile do\u011fan\u0131n insan ya\u015fam\u0131 \u00fczerindeki etkisi ve \u00f6nemi anlat\u0131l\u0131rken, orman i\u00e7erisindeki y\u00fcr\u00fcy\u00fc\u015f esnas\u0131nda ise \u00f6\u011frencilere bitki \u00e7e\u015fitlili\u011fi tan\u0131t\u0131ld\u0131&#8221; ifadeleri yer ald\u0131.<br \/><\/p>\n","protected":false},"excerpt":{"rendered":"<p>Ayd\u0131n\u2019da do\u011fan\u0131n ve yaban hayat\u0131n\u0131n savunucular\u0131 olarak bilinen ekipler, gen\u00e7lere do\u011fan\u0131n \u00f6nemi ve korunmas\u0131 konusunda gen\u00e7lere yol g\u00f6stermeye devam ederken, Do\u011fa E\u011fitim Merkezi\u2019ni ziyaret eden ilkokul \u00f6\u011frencileri biyo\u00e7e\u015fitli\u011fin \u00f6nemini \u00f6\u011frendi, yaban hayat\u0131n\u0131 yak\u0131ndan tan\u0131ma f\u0131rsat\u0131 buldu. Do\u011fa Koruma ve Milli Parklar Ayd\u0131n \u015eube M\u00fcd\u00fcrl\u00fc\u011f\u00fc (DKMP), do\u011fa \u00fczerine bilgilendirmek, do\u011fay\u0131 ke\u015ffetmek ve do\u011faya kar\u015f\u0131 olumlu davran\u0131\u015flar&#8230;<\/p>\n","protected":false},"author":1,"featured_media":66565,"comment_status":"open","ping_status":"open","sticky":false,"template":"","format":"standard","meta":{"_crdt_document":"","footnotes":""},"categories":[1],"tags":[],"class_list":["post-66564","post","type-post","status-publish","format-standard","has-post-thumbnail","hentry","category-guncel"],"_links":{"self":[{"href":"https:\/\/www.egemtv.com\/index.php?rest_route=\/wp\/v2\/posts\/66564","targetHints":{"allow":["GET"]}}],"collection":[{"href":"https:\/\/www.egemtv.com\/index.php?rest_route=\/wp\/v2\/posts"}],"about":[{"href":"https:\/\/www.egemtv.com\/index.php?rest_route=\/wp\/v2\/types\/post"}],"author":[{"embeddable":true,"href":"https:\/\/www.egemtv.com\/index.php?rest_route=\/wp\/v2\/users\/1"}],"replies":[{"embeddable":true,"href":"https:\/\/www.egemtv.com\/index.php?rest_route=%2Fwp%2Fv2%2Fcomments&post=66564"}],"version-history":[{"count":1,"href":"https:\/\/www.egemtv.com\/index.php?rest_route=\/wp\/v2\/posts\/66564\/revisions"}],"predecessor-version":[{"id":66566,"href":"https:\/\/www.egemtv.com\/index.php?rest_route=\/wp\/v2\/posts\/66564\/revisions\/66566"}],"wp:featuredmedia":[{"embeddable":true,"href":"https:\/\/www.egemtv.com\/index.php?rest_route=\/wp\/v2\/media\/66565"}],"wp:attachment":[{"href":"https:\/\/www.egemtv.com\/index.php?rest_route=%2Fwp%2Fv2%2Fmedia&parent=66564"}],"wp:term":[{"taxonomy":"category","embeddable":true,"href":"https:\/\/www.egemtv.com\/index.php?rest_route=%2Fwp%2Fv2%2Fcategories&post=66564"},{"taxonomy":"post_tag","embeddable":true,"href":"https:\/\/www.egemtv.com\/index.php?rest_route=%2Fwp%2Fv2%2Ftags&post=66564"}],"curies":[{"name":"wp","href":"https:\/\/api.w.org\/{rel}","templated":true}]}}