{"id":66561,"date":"2025-11-08T11:55:17","date_gmt":"2025-11-08T08:55:17","guid":{"rendered":"https:\/\/www.egemtv.com\/?p=66561"},"modified":"2025-11-08T11:55:19","modified_gmt":"2025-11-08T08:55:19","slug":"bodrum-belediyesi-cocuklari-dogayla-bulusturdu","status":"publish","type":"post","link":"https:\/\/www.egemtv.com\/?p=66561","title":{"rendered":"Bodrum Belediyesi \u00e7ocuklar\u0131 do\u011fayla bulu\u015fturdu"},"content":{"rendered":"<p>Bodrum Belediyesi, \u00e7ocuklar\u0131 do\u011fa ile bulu\u015fturmak amac\u0131yla kentin farkl\u0131 noktalar\u0131nda fidan dikimi etkinlikleri d\u00fczenledi.<\/p>\n<p>Bodrum Belediyesi Park ve Bah\u00e7eler M\u00fcd\u00fcrl\u00fc\u011f\u00fc taraf\u0131ndan \u00e7ocuklara \u00e7evre, orman ve do\u011fa bilinci kazand\u0131r\u0131lmas\u0131 amac\u0131yla bir dizi etkinlikler d\u00fczenledi. Etkinlikler kapsam\u0131nda, 2018 y\u0131l\u0131nda hayat\u0131n\u0131 kaybeden anaokulu \u00f6\u011fretmeni Gizem \u00c7am an\u0131s\u0131na Akyarlar Gizem \u00c7am Hat\u0131ra Orman\u0131\u2019nda fidan dikimi ger\u00e7ekle\u015ftirildi. Etkinli\u011fe, belediye ekipleri, Zeyyat Mandalinci \u0130lkokulu\u2019ndan 70 \u00f6\u011frenci, \u00f6\u011fretmenler, veliler, Gizem \u00c7am\u2019\u0131n annesi Kader \u00c7am ve g\u00f6n\u00fcll\u00fcler kat\u0131ld\u0131. Orman \u0130\u015fletme \u015eefli\u011finden temin edilen 150 \u00e7am fidan\u0131, kat\u0131l\u0131mc\u0131lar taraf\u0131ndan Akyarlar Gizem \u00c7am Hat\u0131ra Orman\u0131\u2019nda toprakla bulu\u015fturuldu.<\/p>\n<p>10 Kas\u0131m Atat\u00fcrk Haftas\u0131 kapsam\u0131nda, 7 Kas\u0131m Cuma g\u00fcn\u00fc Bodrum Belediyesi Park ve Bah\u00e7eler M\u00fcd\u00fcrl\u00fc\u011f\u00fc, Bodrum Marmara E\u011fitim Kurumlar\u0131 ve Yah\u015fi \u00d6zel E\u011fitim Uygulama Okulu i\u015f birli\u011fi ile Konac\u0131k Mahallesi\u2019nde bulunan belediyeye ait alanda fidan dikimi etkinli\u011fi d\u00fczenlendi.<\/p>\n<p>Etkinli\u011fe Bodrum Belediye Ba\u015fkan\u0131 Tamer Mandalinci\u2019yi temsilen Ba\u015fkan Yard\u0131mc\u0131s\u0131 Ercan Pehlivan, meclis \u00fcyeleri ve belediye personellerinin yan\u0131 s\u0131ra Yah\u015fi \u00d6zel E\u011fitim Uygulama Okulu ve Bodrum Marmara Koleji\u2019nden \u00f6\u011frenciler kat\u0131ld\u0131. &#8220;Atat\u00fcrk\u2019e Nefes Ol Fidanl\u0131\u011f\u0131&#8221; projesi kapsam\u0131nda ger\u00e7ekle\u015ftirilen etkinlikte toplam 87 zeytin ve dut fidan\u0131 toprakla bulu\u015fturuldu. Bodrum Belediyesi \u00e7ocuklarda \u00e7evre bilinci olu\u015fturmaya ve daha ye\u015fil bir Bodrum i\u00e7in \u00e7al\u0131\u015fmaya devam edecek.<br \/><\/p>\n","protected":false},"excerpt":{"rendered":"<p>Bodrum Belediyesi, \u00e7ocuklar\u0131 do\u011fa ile bulu\u015fturmak amac\u0131yla kentin farkl\u0131 noktalar\u0131nda fidan dikimi etkinlikleri d\u00fczenledi. Bodrum Belediyesi Park ve Bah\u00e7eler M\u00fcd\u00fcrl\u00fc\u011f\u00fc taraf\u0131ndan \u00e7ocuklara \u00e7evre, orman ve do\u011fa bilinci kazand\u0131r\u0131lmas\u0131 amac\u0131yla bir dizi etkinlikler d\u00fczenledi. Etkinlikler kapsam\u0131nda, 2018 y\u0131l\u0131nda hayat\u0131n\u0131 kaybeden anaokulu \u00f6\u011fretmeni Gizem \u00c7am an\u0131s\u0131na Akyarlar Gizem \u00c7am Hat\u0131ra Orman\u0131\u2019nda fidan dikimi ger\u00e7ekle\u015ftirildi. Etkinli\u011fe, belediye ekipleri,&#8230;<\/p>\n","protected":false},"author":1,"featured_media":66562,"comment_status":"open","ping_status":"open","sticky":false,"template":"","format":"standard","meta":{"_crdt_document":"","footnotes":""},"categories":[1],"tags":[],"class_list":["post-66561","post","type-post","status-publish","format-standard","has-post-thumbnail","hentry","category-guncel"],"_links":{"self":[{"href":"https:\/\/www.egemtv.com\/index.php?rest_route=\/wp\/v2\/posts\/66561","targetHints":{"allow":["GET"]}}],"collection":[{"href":"https:\/\/www.egemtv.com\/index.php?rest_route=\/wp\/v2\/posts"}],"about":[{"href":"https:\/\/www.egemtv.com\/index.php?rest_route=\/wp\/v2\/types\/post"}],"author":[{"embeddable":true,"href":"https:\/\/www.egemtv.com\/index.php?rest_route=\/wp\/v2\/users\/1"}],"replies":[{"embeddable":true,"href":"https:\/\/www.egemtv.com\/index.php?rest_route=%2Fwp%2Fv2%2Fcomments&post=66561"}],"version-history":[{"count":1,"href":"https:\/\/www.egemtv.com\/index.php?rest_route=\/wp\/v2\/posts\/66561\/revisions"}],"predecessor-version":[{"id":66563,"href":"https:\/\/www.egemtv.com\/index.php?rest_route=\/wp\/v2\/posts\/66561\/revisions\/66563"}],"wp:featuredmedia":[{"embeddable":true,"href":"https:\/\/www.egemtv.com\/index.php?rest_route=\/wp\/v2\/media\/66562"}],"wp:attachment":[{"href":"https:\/\/www.egemtv.com\/index.php?rest_route=%2Fwp%2Fv2%2Fmedia&parent=66561"}],"wp:term":[{"taxonomy":"category","embeddable":true,"href":"https:\/\/www.egemtv.com\/index.php?rest_route=%2Fwp%2Fv2%2Fcategories&post=66561"},{"taxonomy":"post_tag","embeddable":true,"href":"https:\/\/www.egemtv.com\/index.php?rest_route=%2Fwp%2Fv2%2Ftags&post=66561"}],"curies":[{"name":"wp","href":"https:\/\/api.w.org\/{rel}","templated":true}]}}