{"id":66558,"date":"2025-11-08T11:55:16","date_gmt":"2025-11-08T08:55:16","guid":{"rendered":"https:\/\/www.egemtv.com\/?p=66558"},"modified":"2025-11-08T11:55:17","modified_gmt":"2025-11-08T08:55:17","slug":"aydinda-veteriner-hekimlere-sap-hastaligi-egitimi-verildi","status":"publish","type":"post","link":"https:\/\/www.egemtv.com\/?p=66558","title":{"rendered":"Ayd\u0131n\u2019da veteriner hekimlere \u2019\u015fap hastal\u0131\u011f\u0131\u2019 e\u011fitimi verildi"},"content":{"rendered":"<p>Hayvan sa\u011fl\u0131\u011f\u0131n\u0131 tehdit eden \u015fap hastal\u0131\u011f\u0131na kar\u015f\u0131 Ayd\u0131n\u2019da veteriner hekimler bilgilendirildi, m\u00fccadelede etkin ad\u0131mlar at\u0131ld\u0131.<br \/>\n<br \/>Ayd\u0131n \u0130l Tar\u0131m ve Orman M\u00fcd\u00fcrl\u00fc\u011f\u00fc, hayvan sa\u011fl\u0131\u011f\u0131n\u0131n korunmas\u0131 ve hastal\u0131klarla etkin m\u00fccadele amac\u0131yla veteriner hekimlere y\u00f6nelik &#8220;\u015eap Hastal\u0131\u011f\u0131&#8221; konulu bilgilendirme e\u011fitimi d\u00fczenledi. \u0130l M\u00fcd\u00fcr Yard\u0131mc\u0131s\u0131 Dr. Hamit Eray Ye\u015fil\u00e7ay\u0131r ve Hayvan Sa\u011fl\u0131\u011f\u0131 ve Yeti\u015ftiricili\u011fi \u015eube M\u00fcd\u00fcr Vekili Engin S\u0131\u011f\u0131rtma\u00e7\u2019\u0131n kat\u0131l\u0131m\u0131yla ger\u00e7ekle\u015ftirilen e\u011fitimde, \u015eap Enstit\u00fcs\u00fc M\u00fcd\u00fcrl\u00fc\u011f\u00fc uzmanlar\u0131ndan Dr. \u0130brahim Hanc\u0131 sunum yapt\u0131. E\u011fitim kapsam\u0131nda \u015fap hastal\u0131\u011f\u0131n\u0131n epidemiyolojisi, korunma ve kontrol y\u00f6ntemleri, a\u015f\u0131lama stratejileri ve g\u00fcncel durum hakk\u0131nda kapsaml\u0131 bilgiler payla\u015f\u0131ld\u0131. Toplant\u0131da ayr\u0131ca \u0130l M\u00fcd\u00fcr Yard\u0131mc\u0131s\u0131 Dr. Ye\u015fil\u00e7ay\u0131r hastal\u0131kla m\u00fccadelede y\u00fcr\u00fct\u00fclen \u00e7al\u0131\u015fmalarla ilgili de\u011ferlendirmelerde bulundu. Program sonunda kat\u0131l\u0131mc\u0131 veteriner hekimlerin sorular\u0131 yan\u0131tlanarak, saha uygulamalar\u0131na ili\u015fkin bilgi al\u0131\u015fveri\u015fi ger\u00e7ekle\u015ftirildi. Ayd\u0131n \u0130l Tar\u0131m ve Orman M\u00fcd\u00fcrl\u00fc\u011f\u00fc, hayvan hastal\u0131klar\u0131yla m\u00fccadelede g\u00f6rev alan t\u00fcm veteriner hekimlere \u00f6zverili \u00e7al\u0131\u015fmalar\u0131ndan dolay\u0131 te\u015fekk\u00fcr etti.<br \/><\/p>\n","protected":false},"excerpt":{"rendered":"<p>Hayvan sa\u011fl\u0131\u011f\u0131n\u0131 tehdit eden \u015fap hastal\u0131\u011f\u0131na kar\u015f\u0131 Ayd\u0131n\u2019da veteriner hekimler bilgilendirildi, m\u00fccadelede etkin ad\u0131mlar at\u0131ld\u0131. Ayd\u0131n \u0130l Tar\u0131m ve Orman M\u00fcd\u00fcrl\u00fc\u011f\u00fc, hayvan sa\u011fl\u0131\u011f\u0131n\u0131n korunmas\u0131 ve hastal\u0131klarla etkin m\u00fccadele amac\u0131yla veteriner hekimlere y\u00f6nelik &#8220;\u015eap Hastal\u0131\u011f\u0131&#8221; konulu bilgilendirme e\u011fitimi d\u00fczenledi. \u0130l M\u00fcd\u00fcr Yard\u0131mc\u0131s\u0131 Dr. Hamit Eray Ye\u015fil\u00e7ay\u0131r ve Hayvan Sa\u011fl\u0131\u011f\u0131 ve Yeti\u015ftiricili\u011fi \u015eube M\u00fcd\u00fcr Vekili Engin S\u0131\u011f\u0131rtma\u00e7\u2019\u0131n&#8230;<\/p>\n","protected":false},"author":1,"featured_media":66559,"comment_status":"open","ping_status":"open","sticky":false,"template":"","format":"standard","meta":{"_crdt_document":"","footnotes":""},"categories":[1],"tags":[],"class_list":["post-66558","post","type-post","status-publish","format-standard","has-post-thumbnail","hentry","category-guncel"],"_links":{"self":[{"href":"https:\/\/www.egemtv.com\/index.php?rest_route=\/wp\/v2\/posts\/66558","targetHints":{"allow":["GET"]}}],"collection":[{"href":"https:\/\/www.egemtv.com\/index.php?rest_route=\/wp\/v2\/posts"}],"about":[{"href":"https:\/\/www.egemtv.com\/index.php?rest_route=\/wp\/v2\/types\/post"}],"author":[{"embeddable":true,"href":"https:\/\/www.egemtv.com\/index.php?rest_route=\/wp\/v2\/users\/1"}],"replies":[{"embeddable":true,"href":"https:\/\/www.egemtv.com\/index.php?rest_route=%2Fwp%2Fv2%2Fcomments&post=66558"}],"version-history":[{"count":1,"href":"https:\/\/www.egemtv.com\/index.php?rest_route=\/wp\/v2\/posts\/66558\/revisions"}],"predecessor-version":[{"id":66560,"href":"https:\/\/www.egemtv.com\/index.php?rest_route=\/wp\/v2\/posts\/66558\/revisions\/66560"}],"wp:featuredmedia":[{"embeddable":true,"href":"https:\/\/www.egemtv.com\/index.php?rest_route=\/wp\/v2\/media\/66559"}],"wp:attachment":[{"href":"https:\/\/www.egemtv.com\/index.php?rest_route=%2Fwp%2Fv2%2Fmedia&parent=66558"}],"wp:term":[{"taxonomy":"category","embeddable":true,"href":"https:\/\/www.egemtv.com\/index.php?rest_route=%2Fwp%2Fv2%2Fcategories&post=66558"},{"taxonomy":"post_tag","embeddable":true,"href":"https:\/\/www.egemtv.com\/index.php?rest_route=%2Fwp%2Fv2%2Ftags&post=66558"}],"curies":[{"name":"wp","href":"https:\/\/api.w.org\/{rel}","templated":true}]}}