{"id":66522,"date":"2025-11-08T10:34:49","date_gmt":"2025-11-08T07:34:49","guid":{"rendered":"https:\/\/www.egemtv.com\/?p=66522"},"modified":"2025-11-08T10:34:50","modified_gmt":"2025-11-08T07:34:50","slug":"kadin-ogretmenlerden-olusan-voleybol-takimi-erkeklere-meydan-okuyor","status":"publish","type":"post","link":"https:\/\/www.egemtv.com\/?p=66522","title":{"rendered":"Kad\u0131n \u00f6\u011fretmenlerden olu\u015fan voleybol tak\u0131m\u0131 erkeklere meydan okuyor"},"content":{"rendered":"<p>K\u00fctahya\u2019n\u0131n Tav\u015fanl\u0131 il\u00e7esindeki Handeg\u00fcl Anaokulu\u2019nun tamamen kad\u0131n \u00f6\u011fretmenlerden olu\u015fan tak\u0131m\u0131, \u2019Kad\u0131n\u0131n g\u00fcc\u00fcn\u00fc g\u00f6sterme\u2019 hedefiyle erkek tak\u0131mlar\u0131na kar\u015f\u0131 yar\u0131\u015f\u0131yor.<br \/>\n<br \/>Tav\u015fanl\u0131 \u0130l\u00e7e Milli E\u011fitim M\u00fcd\u00fcrl\u00fc\u011f\u00fc taraf\u0131ndan 24 Kas\u0131m \u00d6\u011fretmenler G\u00fcn\u00fc etkinlikleri kapsam\u0131nda d\u00fczenlenen voleybol turnuvas\u0131nda d\u00fczenlenen okullar aras\u0131 voleybol turnuvas\u0131na di\u011fer okullar erkek tak\u0131mlar\u0131yla kat\u0131l\u0131rken, Tav\u015fanl\u0131 Handeg\u00fcl Anaokulu tamamen kad\u0131n \u00f6\u011fretmenlerden olu\u015fan tak\u0131m\u0131yla turnuvada yer al\u0131yor. Okul, bu \u00f6zelli\u011fiyle turnuvadaki tek kad\u0131n tak\u0131m\u0131 olma \u00fcnvan\u0131n\u0131 ta\u015f\u0131yor.<br \/>\n<br \/>Okul M\u00fcd\u00fcr\u00fc Nimet Uzan, yapt\u0131\u011f\u0131 a\u00e7\u0131klamada, &#8220;Tav\u015fanl\u0131\u2019da sadece bayan olan tek tak\u0131m\u0131z. Bunun i\u00e7in biz kad\u0131n\u0131n g\u00fcc\u00fcn\u00fc g\u00f6stermeye geldik&#8221; dedi. Uzan, turnuvaya kat\u0131l\u0131m ama\u00e7lar\u0131n\u0131n fark\u0131ndal\u0131k olu\u015fturmak oldu\u011funu vurgulad\u0131.<br \/>\n<br \/>Tak\u0131m\u0131n zorlu ko\u015fullar alt\u0131nda kuruldu\u011funu belirten Uzan, &#8220;Handeg\u00fcl Anaokulu olarak 8 bayan \u00f6\u011fretmeniz. \u00c7ok az bir personel ve 6 ki\u015filik tak\u0131m \u00e7\u0131karmak kolay bir \u015fey de\u011fildi bizim i\u00e7in. Onun i\u00e7in hepimiz oynad\u0131k, yede\u011fimiz yok&#8221; ifadelerini kulland\u0131.<br \/>\n<br \/>Uzan, kat\u0131l\u0131mlar\u0131n\u0131n ard\u0131ndaki felsefeyi ise \u015fu s\u00f6zlerle a\u00e7\u0131klad\u0131: &#8220;Biz, kad\u0131n\u0131n her yerde, her \u015fekilde, birlikte, beraberlikte, \u00f6zg\u00fcvende, ba\u015far\u0131da, \u00f6nde ve \u00f6nce oldu\u011funu kabul ettik ve bunun i\u00e7in de tak\u0131mla yer ald\u0131k.&#8221;<br \/>\n<br \/>Turnuvan\u0131n ilerleyen y\u0131llarda da kad\u0131n tak\u0131mlar\u0131n\u0131n kat\u0131l\u0131m\u0131yla daha kapsay\u0131c\u0131 olmas\u0131n\u0131 umduklar\u0131n\u0131 belirten Uzan, s\u00f6zlerini &#8220;\u0130n\u015fallah ileriki y\u0131llarda daha iyi neticeler elde edilecek&#8221; diyerek tamamlad\u0131.<br \/><\/p>\n","protected":false},"excerpt":{"rendered":"<p>K\u00fctahya\u2019n\u0131n Tav\u015fanl\u0131 il\u00e7esindeki Handeg\u00fcl Anaokulu\u2019nun tamamen kad\u0131n \u00f6\u011fretmenlerden olu\u015fan tak\u0131m\u0131, \u2019Kad\u0131n\u0131n g\u00fcc\u00fcn\u00fc g\u00f6sterme\u2019 hedefiyle erkek tak\u0131mlar\u0131na kar\u015f\u0131 yar\u0131\u015f\u0131yor. Tav\u015fanl\u0131 \u0130l\u00e7e Milli E\u011fitim M\u00fcd\u00fcrl\u00fc\u011f\u00fc taraf\u0131ndan 24 Kas\u0131m \u00d6\u011fretmenler G\u00fcn\u00fc etkinlikleri kapsam\u0131nda d\u00fczenlenen voleybol turnuvas\u0131nda d\u00fczenlenen okullar aras\u0131 voleybol turnuvas\u0131na di\u011fer okullar erkek tak\u0131mlar\u0131yla kat\u0131l\u0131rken, Tav\u015fanl\u0131 Handeg\u00fcl Anaokulu tamamen kad\u0131n \u00f6\u011fretmenlerden olu\u015fan tak\u0131m\u0131yla turnuvada yer al\u0131yor. Okul,&#8230;<\/p>\n","protected":false},"author":1,"featured_media":66523,"comment_status":"open","ping_status":"open","sticky":false,"template":"","format":"standard","meta":{"_crdt_document":"","footnotes":""},"categories":[4],"tags":[],"class_list":["post-66522","post","type-post","status-publish","format-standard","has-post-thumbnail","hentry","category-spor"],"_links":{"self":[{"href":"https:\/\/www.egemtv.com\/index.php?rest_route=\/wp\/v2\/posts\/66522","targetHints":{"allow":["GET"]}}],"collection":[{"href":"https:\/\/www.egemtv.com\/index.php?rest_route=\/wp\/v2\/posts"}],"about":[{"href":"https:\/\/www.egemtv.com\/index.php?rest_route=\/wp\/v2\/types\/post"}],"author":[{"embeddable":true,"href":"https:\/\/www.egemtv.com\/index.php?rest_route=\/wp\/v2\/users\/1"}],"replies":[{"embeddable":true,"href":"https:\/\/www.egemtv.com\/index.php?rest_route=%2Fwp%2Fv2%2Fcomments&post=66522"}],"version-history":[{"count":1,"href":"https:\/\/www.egemtv.com\/index.php?rest_route=\/wp\/v2\/posts\/66522\/revisions"}],"predecessor-version":[{"id":66524,"href":"https:\/\/www.egemtv.com\/index.php?rest_route=\/wp\/v2\/posts\/66522\/revisions\/66524"}],"wp:featuredmedia":[{"embeddable":true,"href":"https:\/\/www.egemtv.com\/index.php?rest_route=\/wp\/v2\/media\/66523"}],"wp:attachment":[{"href":"https:\/\/www.egemtv.com\/index.php?rest_route=%2Fwp%2Fv2%2Fmedia&parent=66522"}],"wp:term":[{"taxonomy":"category","embeddable":true,"href":"https:\/\/www.egemtv.com\/index.php?rest_route=%2Fwp%2Fv2%2Fcategories&post=66522"},{"taxonomy":"post_tag","embeddable":true,"href":"https:\/\/www.egemtv.com\/index.php?rest_route=%2Fwp%2Fv2%2Ftags&post=66522"}],"curies":[{"name":"wp","href":"https:\/\/api.w.org\/{rel}","templated":true}]}}