{"id":66519,"date":"2025-11-08T10:14:50","date_gmt":"2025-11-08T07:14:50","guid":{"rendered":"https:\/\/www.egemtv.com\/?p=66519"},"modified":"2025-11-08T10:14:50","modified_gmt":"2025-11-08T07:14:50","slug":"denizlide-yanmaya-baslayan-halk-otobusunde-facia-ucuz-atlatildi","status":"publish","type":"post","link":"https:\/\/www.egemtv.com\/?p=66519","title":{"rendered":"Denizli\u2019de yanmaya ba\u015flayan halk otob\u00fcs\u00fcnde facia ucuz atlat\u0131ld\u0131"},"content":{"rendered":"<p>Denizli\u2019de b\u00fcy\u00fck\u015fehir belediyesine ait halk otob\u00fcs\u00fcnde \u00e7\u0131kan yang\u0131n ucuz atlat\u0131ld\u0131. Ara\u00e7taki t\u00fcp\u00fcn bo\u015f \u00e7\u0131kmas\u0131 \u00fczerine yang\u0131n esnaftan temin edilen t\u00fcple s\u00f6nd\u00fcr\u00fcld\u00fc.<\/p>\n<p>Olay, d\u00fcn \u00f6\u011fle saatlerinde Denizli\u2019nin Merkezefendi il\u00e7esine ba\u011fl\u0131 \u015eemikler Mahallesi\u2019nde meydana geldi. Edinilen bilgiye g\u00f6re; Cinkaya Bulvar\u0131nda seyir halinde olan Denizli B\u00fcy\u00fck\u015fehir Belediyesi Ula\u015f\u0131m A.\u015e.\u2019ye ait 20 BLD 01 plakal\u0131 halk otob\u00fcs\u00fcn\u00fcn motor k\u0131sm\u0131nda meydana gelen bir ar\u0131za nedeniyle yang\u0131n \u00e7\u0131kt\u0131. Dumanlar\u0131 fark eden s\u00fcr\u00fcc\u00fc arac\u0131 yol kenar\u0131na \u00e7ekip, kaputu a\u00e7t\u0131\u011f\u0131nda motor k\u0131sm\u0131n\u0131 alevlerin sard\u0131\u011f\u0131n\u0131 g\u00f6rd\u00fc.<\/p>\n<p>Yolcular\u0131 halk otob\u00fcs\u00fcnden indirip, ara\u00e7taki yang\u0131n s\u00f6nd\u00fcrme t\u00fcp\u00fcyle alevlere m\u00fcdahale etmek isteyen \u015fof\u00f6r b\u00fcy\u00fck bir \u015fok ya\u015fad\u0131. T\u00fcp\u00fcn bo\u015f oldu\u011funun anla\u015f\u0131lmas\u0131 \u00fczerine k\u0131sa s\u00fcreli bir panik ya\u015fad\u0131. Telefonla yard\u0131m isteyen s\u00fcr\u00fcc\u00fcn\u00fcn imdad\u0131na \u00e7evredeki bir esnaf yeti\u015fti. Esnaftan temin edilen t\u00fcple m\u00fcdahale ger\u00e7ekle\u015ftirilen yang\u0131n, arac\u0131n di\u011fer k\u0131s\u0131mlar\u0131na ula\u015famadan s\u00f6nd\u00fcr\u00fcld\u00fc. Ya\u015fanabilecek bir facian\u0131n k\u0131l pay\u0131 atlat\u0131ld\u0131\u011f\u0131 yang\u0131nla ilgili soru\u015fturma ba\u015flat\u0131ld\u0131.<br \/><\/p>\n","protected":false},"excerpt":{"rendered":"<p>Denizli\u2019de b\u00fcy\u00fck\u015fehir belediyesine ait halk otob\u00fcs\u00fcnde \u00e7\u0131kan yang\u0131n ucuz atlat\u0131ld\u0131. Ara\u00e7taki t\u00fcp\u00fcn bo\u015f \u00e7\u0131kmas\u0131 \u00fczerine yang\u0131n esnaftan temin edilen t\u00fcple s\u00f6nd\u00fcr\u00fcld\u00fc. Olay, d\u00fcn \u00f6\u011fle saatlerinde Denizli\u2019nin Merkezefendi il\u00e7esine ba\u011fl\u0131 \u015eemikler Mahallesi\u2019nde meydana geldi. Edinilen bilgiye g\u00f6re; Cinkaya Bulvar\u0131nda seyir halinde olan Denizli B\u00fcy\u00fck\u015fehir Belediyesi Ula\u015f\u0131m A.\u015e.\u2019ye ait 20 BLD 01 plakal\u0131 halk otob\u00fcs\u00fcn\u00fcn motor k\u0131sm\u0131nda&#8230;<\/p>\n","protected":false},"author":1,"featured_media":66520,"comment_status":"open","ping_status":"open","sticky":false,"template":"","format":"standard","meta":{"_crdt_document":"","footnotes":""},"categories":[5],"tags":[],"class_list":["post-66519","post","type-post","status-publish","format-standard","has-post-thumbnail","hentry","category-asayis"],"_links":{"self":[{"href":"https:\/\/www.egemtv.com\/index.php?rest_route=\/wp\/v2\/posts\/66519","targetHints":{"allow":["GET"]}}],"collection":[{"href":"https:\/\/www.egemtv.com\/index.php?rest_route=\/wp\/v2\/posts"}],"about":[{"href":"https:\/\/www.egemtv.com\/index.php?rest_route=\/wp\/v2\/types\/post"}],"author":[{"embeddable":true,"href":"https:\/\/www.egemtv.com\/index.php?rest_route=\/wp\/v2\/users\/1"}],"replies":[{"embeddable":true,"href":"https:\/\/www.egemtv.com\/index.php?rest_route=%2Fwp%2Fv2%2Fcomments&post=66519"}],"version-history":[{"count":1,"href":"https:\/\/www.egemtv.com\/index.php?rest_route=\/wp\/v2\/posts\/66519\/revisions"}],"predecessor-version":[{"id":66521,"href":"https:\/\/www.egemtv.com\/index.php?rest_route=\/wp\/v2\/posts\/66519\/revisions\/66521"}],"wp:featuredmedia":[{"embeddable":true,"href":"https:\/\/www.egemtv.com\/index.php?rest_route=\/wp\/v2\/media\/66520"}],"wp:attachment":[{"href":"https:\/\/www.egemtv.com\/index.php?rest_route=%2Fwp%2Fv2%2Fmedia&parent=66519"}],"wp:term":[{"taxonomy":"category","embeddable":true,"href":"https:\/\/www.egemtv.com\/index.php?rest_route=%2Fwp%2Fv2%2Fcategories&post=66519"},{"taxonomy":"post_tag","embeddable":true,"href":"https:\/\/www.egemtv.com\/index.php?rest_route=%2Fwp%2Fv2%2Ftags&post=66519"}],"curies":[{"name":"wp","href":"https:\/\/api.w.org\/{rel}","templated":true}]}}