{"id":66516,"date":"2025-11-08T01:54:37","date_gmt":"2025-11-07T22:54:37","guid":{"rendered":"https:\/\/www.egemtv.com\/?p=66516"},"modified":"2025-11-08T01:54:38","modified_gmt":"2025-11-07T22:54:38","slug":"kemalpasada-feci-trafik-kazasi-kamerada-2-olu-4-yarali","status":"publish","type":"post","link":"https:\/\/www.egemtv.com\/?p=66516","title":{"rendered":"Kemalpa\u015fa\u2019da feci trafik kazas\u0131 kamerada: 2 \u00f6l\u00fc, 4 yaral\u0131"},"content":{"rendered":"<p>\u0130zmir\u2019in Kemalpa\u015fa il\u00e7esinde meydana gelen trafik kazas\u0131nda 2 ki\u015fi hayat\u0131n\u0131 kaybetti, 4 ki\u015fi yaraland\u0131. Feci kaza, \u00e7evredeki g\u00fcvenlik kameralar\u0131na da yans\u0131d\u0131.<br \/>\n<br \/>Kaza, sabah saatlerinde Ulucak Kemalpa\u015fa Caddesi \u00fczerinde meydana geldi. Edinilen bilgiye g\u00f6re, \u0130zmir\u2019den Kemalpa\u015fa y\u00f6n\u00fcne seyreden Z.K. idaresindeki 35 ARY 751 plakal\u0131 otomobil, kar\u015f\u0131 y\u00f6nden gelen K\u0131z\u0131l\u00fcz\u00fcm mevkiinde sola d\u00f6nmeye \u00e7al\u0131\u015fan S.K. (22) idaresinde 33 AOS 532 plakal\u0131 otomobil ile \u00e7arp\u0131\u015ft\u0131.<br \/>\n<br \/>\u0130hbar \u00fczerine olay yerine ambulans, itfaiye ve polis ekipleri sevk edildi. Kazada yaralanan s\u00fcr\u00fcc\u00fcler ve yolcu konumundaki 4 ki\u015fi, hurdaya d\u00f6nen ara\u00e7lardan \u00e7\u0131kar\u0131larak ambulanslarla \u00e7evredeki hastanelere kald\u0131r\u0131ld\u0131.<br \/>\n<br \/>33 AOS 532 plakal\u0131 otomobilde yolcu olarak bulunan ve zeytin toplama i\u015f\u00e7isi olduklar\u0131 \u00f6\u011frenilen S.K. (41) ile D.Y. (55) isimli kad\u0131nlar kald\u0131r\u0131ld\u0131klar\u0131 hastanede kurtar\u0131lamayarak hayatlar\u0131 kaybetti. Yaral\u0131 olarak hastaneye kald\u0131r\u0131lan ara\u00e7 s\u00fcr\u00fcc\u00fcleri S.K. ve Z.K. ile yaral\u0131 yolculardan K.T. ve A.O.D.\u2019nin hayati tehlikelerinin bulunmad\u0131\u011f\u0131 \u00f6\u011frenildi.<br \/>\n<br \/>Kaza nedeniyle bir s\u00fcre ula\u015f\u0131ma kapanan yol ekiplerin \u00e7al\u0131\u015fmas\u0131 sonras\u0131nda yeniden trafi\u011fe a\u00e7\u0131ld\u0131.<br \/>\n<br \/>Bu arada, kaza an\u0131 \u00e7evredeki g\u00fcvenlik kameralar\u0131na da yans\u0131d\u0131. G\u00f6r\u00fcnt\u00fclerde, 33 AOS 532 plakal\u0131 k\u0131rm\u0131z\u0131 otomobil cadde \u00fczerinde yol ortas\u0131nda sola d\u00f6nmek i\u00e7in manevra yapt\u0131\u011f\u0131 s\u0131rada \u0130zmir y\u00f6n\u00fcnden gelen di\u011fer otomobil ile \u00e7arp\u0131\u015f\u0131yor.<br \/>\n<br \/>Kazayla ilgili soru\u015fturma s\u00fcr\u00fcyor.<br \/><\/p>\n","protected":false},"excerpt":{"rendered":"<p>\u0130zmir\u2019in Kemalpa\u015fa il\u00e7esinde meydana gelen trafik kazas\u0131nda 2 ki\u015fi hayat\u0131n\u0131 kaybetti, 4 ki\u015fi yaraland\u0131. Feci kaza, \u00e7evredeki g\u00fcvenlik kameralar\u0131na da yans\u0131d\u0131. Kaza, sabah saatlerinde Ulucak Kemalpa\u015fa Caddesi \u00fczerinde meydana geldi. Edinilen bilgiye g\u00f6re, \u0130zmir\u2019den Kemalpa\u015fa y\u00f6n\u00fcne seyreden Z.K. idaresindeki 35 ARY 751 plakal\u0131 otomobil, kar\u015f\u0131 y\u00f6nden gelen K\u0131z\u0131l\u00fcz\u00fcm mevkiinde sola d\u00f6nmeye \u00e7al\u0131\u015fan S.K. (22) idaresinde&#8230;<\/p>\n","protected":false},"author":1,"featured_media":66517,"comment_status":"open","ping_status":"open","sticky":false,"template":"","format":"standard","meta":{"_crdt_document":"","footnotes":""},"categories":[5],"tags":[],"class_list":["post-66516","post","type-post","status-publish","format-standard","has-post-thumbnail","hentry","category-asayis"],"_links":{"self":[{"href":"https:\/\/www.egemtv.com\/index.php?rest_route=\/wp\/v2\/posts\/66516","targetHints":{"allow":["GET"]}}],"collection":[{"href":"https:\/\/www.egemtv.com\/index.php?rest_route=\/wp\/v2\/posts"}],"about":[{"href":"https:\/\/www.egemtv.com\/index.php?rest_route=\/wp\/v2\/types\/post"}],"author":[{"embeddable":true,"href":"https:\/\/www.egemtv.com\/index.php?rest_route=\/wp\/v2\/users\/1"}],"replies":[{"embeddable":true,"href":"https:\/\/www.egemtv.com\/index.php?rest_route=%2Fwp%2Fv2%2Fcomments&post=66516"}],"version-history":[{"count":1,"href":"https:\/\/www.egemtv.com\/index.php?rest_route=\/wp\/v2\/posts\/66516\/revisions"}],"predecessor-version":[{"id":66518,"href":"https:\/\/www.egemtv.com\/index.php?rest_route=\/wp\/v2\/posts\/66516\/revisions\/66518"}],"wp:featuredmedia":[{"embeddable":true,"href":"https:\/\/www.egemtv.com\/index.php?rest_route=\/wp\/v2\/media\/66517"}],"wp:attachment":[{"href":"https:\/\/www.egemtv.com\/index.php?rest_route=%2Fwp%2Fv2%2Fmedia&parent=66516"}],"wp:term":[{"taxonomy":"category","embeddable":true,"href":"https:\/\/www.egemtv.com\/index.php?rest_route=%2Fwp%2Fv2%2Fcategories&post=66516"},{"taxonomy":"post_tag","embeddable":true,"href":"https:\/\/www.egemtv.com\/index.php?rest_route=%2Fwp%2Fv2%2Ftags&post=66516"}],"curies":[{"name":"wp","href":"https:\/\/api.w.org\/{rel}","templated":true}]}}