{"id":66513,"date":"2025-11-08T00:14:40","date_gmt":"2025-11-07T21:14:40","guid":{"rendered":"https:\/\/www.egemtv.com\/?p=66513"},"modified":"2025-11-08T00:14:41","modified_gmt":"2025-11-07T21:14:41","slug":"karadan-ulasim-olmayan-koyda-mahsur-kalan-duzensiz-gocmenler-kurtarildi","status":"publish","type":"post","link":"https:\/\/www.egemtv.com\/?p=66513","title":{"rendered":"Karadan ula\u015f\u0131m olmayan koyda mahsur kalan d\u00fczensiz g\u00f6\u00e7menler kurtar\u0131ld\u0131"},"content":{"rendered":"<p>Mu\u011fla\u2019n\u0131n Fethiye il\u00e7esinde karadan ula\u015f\u0131m\u0131n bulunmad\u0131\u011f\u0131 koyda mahsur kalan 15\u2019i \u00e7ocuk 36 d\u00fczensiz g\u00f6\u00e7men kurtar\u0131ld\u0131.<br \/>\n<br \/>Fethiye il\u00e7esi Leylek Koyu mevkiinde karadan ula\u015f\u0131m\u0131 olmayan b\u00f6lgede bir grup d\u00fczensiz g\u00f6\u00e7menin oldu\u011fu ve yard\u0131m talebinde bulunuldu\u011fu bilgisinin al\u0131nmas\u0131 \u00fczerine g\u00f6revlendirilen Sahil G\u00fcvenlik Botu ve Sahil G\u00fcvenlik Dal\u0131\u015f Timi taraf\u0131ndan 21 d\u00fczensiz g\u00f6\u00e7men (beraberinde 15 \u00e7ocuk) kurtar\u0131ld\u0131.<br \/><\/p>\n","protected":false},"excerpt":{"rendered":"<p>Mu\u011fla\u2019n\u0131n Fethiye il\u00e7esinde karadan ula\u015f\u0131m\u0131n bulunmad\u0131\u011f\u0131 koyda mahsur kalan 15\u2019i \u00e7ocuk 36 d\u00fczensiz g\u00f6\u00e7men kurtar\u0131ld\u0131. Fethiye il\u00e7esi Leylek Koyu mevkiinde karadan ula\u015f\u0131m\u0131 olmayan b\u00f6lgede bir grup d\u00fczensiz g\u00f6\u00e7menin oldu\u011fu ve yard\u0131m talebinde bulunuldu\u011fu bilgisinin al\u0131nmas\u0131 \u00fczerine g\u00f6revlendirilen Sahil G\u00fcvenlik Botu ve Sahil G\u00fcvenlik Dal\u0131\u015f Timi taraf\u0131ndan 21 d\u00fczensiz g\u00f6\u00e7men (beraberinde 15 \u00e7ocuk) kurtar\u0131ld\u0131.<\/p>\n","protected":false},"author":1,"featured_media":66514,"comment_status":"open","ping_status":"open","sticky":false,"template":"","format":"standard","meta":{"_crdt_document":"","footnotes":""},"categories":[5],"tags":[],"class_list":["post-66513","post","type-post","status-publish","format-standard","has-post-thumbnail","hentry","category-asayis"],"_links":{"self":[{"href":"https:\/\/www.egemtv.com\/index.php?rest_route=\/wp\/v2\/posts\/66513","targetHints":{"allow":["GET"]}}],"collection":[{"href":"https:\/\/www.egemtv.com\/index.php?rest_route=\/wp\/v2\/posts"}],"about":[{"href":"https:\/\/www.egemtv.com\/index.php?rest_route=\/wp\/v2\/types\/post"}],"author":[{"embeddable":true,"href":"https:\/\/www.egemtv.com\/index.php?rest_route=\/wp\/v2\/users\/1"}],"replies":[{"embeddable":true,"href":"https:\/\/www.egemtv.com\/index.php?rest_route=%2Fwp%2Fv2%2Fcomments&post=66513"}],"version-history":[{"count":1,"href":"https:\/\/www.egemtv.com\/index.php?rest_route=\/wp\/v2\/posts\/66513\/revisions"}],"predecessor-version":[{"id":66515,"href":"https:\/\/www.egemtv.com\/index.php?rest_route=\/wp\/v2\/posts\/66513\/revisions\/66515"}],"wp:featuredmedia":[{"embeddable":true,"href":"https:\/\/www.egemtv.com\/index.php?rest_route=\/wp\/v2\/media\/66514"}],"wp:attachment":[{"href":"https:\/\/www.egemtv.com\/index.php?rest_route=%2Fwp%2Fv2%2Fmedia&parent=66513"}],"wp:term":[{"taxonomy":"category","embeddable":true,"href":"https:\/\/www.egemtv.com\/index.php?rest_route=%2Fwp%2Fv2%2Fcategories&post=66513"},{"taxonomy":"post_tag","embeddable":true,"href":"https:\/\/www.egemtv.com\/index.php?rest_route=%2Fwp%2Fv2%2Ftags&post=66513"}],"curies":[{"name":"wp","href":"https:\/\/api.w.org\/{rel}","templated":true}]}}