{"id":66507,"date":"2025-11-07T22:54:45","date_gmt":"2025-11-07T19:54:45","guid":{"rendered":"https:\/\/www.egemtv.com\/?p=66507"},"modified":"2025-11-07T22:54:46","modified_gmt":"2025-11-07T19:54:46","slug":"yasayan-insan-hazinesi-unvanina-sahip-cini-sanatcisi-hamza-ustunkaya-icin-dpude-anma-toreni-duzenlendi","status":"publish","type":"post","link":"https:\/\/www.egemtv.com\/?p=66507","title":{"rendered":"&#8220;Ya\u015fayan \u0130nsan Hazinesi&#8221; unvan\u0131na sahip \u00e7ini sanat\u00e7\u0131s\u0131 Hamza \u00dcst\u00fcnkaya i\u00e7in DP\u00dc\u2019de anma t\u00f6reni d\u00fczenlendi"},"content":{"rendered":"<p>K\u00fctahya Dumlup\u0131nar \u00dcniversitesi\u2019nde (DP\u00dc) K\u00fclt\u00fcr ve Turizm Bakanl\u0131\u011f\u0131 taraf\u0131ndan &#8220;Ya\u015fayan \u0130nsan Hazinesi&#8221; unvan\u0131na sahip olan ve ge\u00e7en hafta ya\u015fam\u0131n\u0131 yitiren \u00e7ini sanat\u00e7\u0131s\u0131 Hamza \u00dcst\u00fcnkaya i\u00e7in anma t\u00f6reni ger\u00e7ekle\u015ftirildi.<br \/>\n<br \/>\u015eehit Astsubay \u00d6mer Halisdemir K\u00fct\u00fcphanesi Konferans Salonu\u2019nda d\u00fczenlenen anma t\u00f6renine K\u00fctahya Vali Yard\u0131mc\u0131s\u0131 S\u00fcleyman Oval\u0131, Rekt\u00f6r Prof. Dr. S\u00fcleyman K\u0131z\u0131ltoprak, Rekt\u00f6r Yard\u0131mc\u0131lar\u0131 Prof. Dr. \u0130smail Yal\u00e7\u0131n ve Prof. Dr. Mustafa Arif \u00d6zg\u00fcr, Genel Sekreter Yusuf \u00c7etin, Hamza \u00dcst\u00fcnkaya\u2019n\u0131n yak\u0131nlar\u0131, akademik ve idari personel ile \u00f6\u011frenciler kat\u0131ld\u0131. Programda Hamza \u00dcst\u00fcnkaya\u2019n\u0131n ya\u015fam \u00f6yk\u00fcs\u00fcn\u00fcn anlat\u0131lmas\u0131 ve hakk\u0131nda haz\u0131rlanan videonun izlenmesinin ard\u0131ndan Kur\u2019an-\u0131 Kerim okundu. T\u00f6rende Fen Edebiyat Fak\u00fcltesi \u00f6\u011fretim \u00fcyelerinden Prof. Dr. Kaz\u0131m Uysal, Mazhar Akal\u0131no\u011flu, Mustafa K\u0131ratl\u0131, Adil \u00d6zkan, G\u00f6khan Ak\u00e7a ve G\u00fclseren \u00dcst\u00fcnkaya \u00d6ztu\u011fcu birer konu\u015fma yapt\u0131.<br \/>\n<br \/>Rekt\u00f6r Prof. Dr. S\u00fcleyman K\u0131z\u0131ltoprak, &#8220;Bug\u00fcn burada bir ustay\u0131 de\u011fil, bir \u00e7a\u011f\u0131n kapan\u0131\u015f\u0131n\u0131 u\u011furlamak i\u00e7in topland\u0131k. Hamza \u00dcst\u00fcnkaya, 1 Kas\u0131m 2025\u2019te K\u00fctahya\u2019n\u0131n topra\u011f\u0131na geri d\u00f6nd\u00fc. Ama biliniz ki o asl\u0131nda hi\u00e7 gitmedi. \u00c7\u00fcnk\u00fc o \u00e7iniye \u00f6ylesine bir ruh \u00fcfledi ki, her bir f\u0131r\u0131n ate\u015finde onun nefesi, her bir kubbede onun duas\u0131, her bir motifte onun g\u00f6zya\u015f\u0131 ve g\u00fcl\u00fc\u015f\u00fc sonsuza dek ya\u015fayacak. \u00c7ini, bizim medeniyetimizde yaln\u0131zca bir s\u00fcs de\u011fildir. Bir ayet, bir dua, bir a\u015fk mektubudur. Caminin mihrab\u0131nda \u2019Ya Hak\u2019 diye f\u0131s\u0131ldayan mavi, t\u00fcrbenin kubbesinde a\u00e7an lale, saray\u0131n duvar\u0131nda u\u00e7an rumi, bunlar insan\u0131 g\u00fczellikle hakikate ta\u015f\u0131yan merdivenlerdir. Hamza usta bu merdivenin her basama\u011f\u0131na kendi ruhundan bir par\u00e7a koydu&#8221; dedi.<\/p>\n<p>&#8220;\u00c7amurun kokusu onun ilk oyunca\u011f\u0131, s\u0131r\u0131n parlakl\u0131\u011f\u0131 ilk \u0131\u015f\u0131\u011f\u0131yd\u0131&#8221;<br \/>\n<br \/>Rekt\u00f6r K\u0131z\u0131ltoprak, &#8220;D\u00fc\u015f\u00fcn\u00fcn 8 binden fazla desen, 8 binden fazla kez \u2019Bismillah\u2019 dedi. 8 binden fazla kez topra\u011f\u0131 sevdi. 8 binden fazla kez \u2019Allah\u2019\u0131m, bu renk senin r\u0131zan i\u00e7in olsun\u2019 diye f\u0131r\u0131na verdi. Ve hi\u00e7biri birbiriyle ayn\u0131 de\u011fildi. \u00c7\u00fcnk\u00fc o Allah\u2019\u0131n her kuluna ayr\u0131 bir y\u00fcz, her \u00e7i\u00e7e\u011fe ayr\u0131 bir koku verdi\u011fi gibi her \u00e7iniye ayr\u0131 bir hikmet, ayr\u0131 bir nefes verdi. K\u00fctahya\u2019n\u0131n dar sokaklar\u0131nda babas\u0131 Mehmet Usta\u2019n\u0131n at\u00f6lyesinde b\u00fcy\u00fcd\u00fc. Okul defteri yerine \u00e7ini levhalar\u0131n\u0131, kalem yerine f\u0131r\u00e7ay\u0131, silgi yerine sabr\u0131 se\u00e7ti. \u00c7amurun kokusu onun ilk oyunca\u011f\u0131, s\u0131r\u0131n parlakl\u0131\u011f\u0131 ilk \u0131\u015f\u0131\u011f\u0131yd\u0131. \u00c7ocuk ya\u015fta at\u00f6lyeye ad\u0131m att\u0131\u011f\u0131nda belki de kaderini de\u011fil, bizim kaderimizi \u00e7izmi\u015fti. O, miras\u0131 devralmakla yetinmedi, onu yeniden do\u011furdu. Ge\u00e7mi\u015fin zarafetini gelece\u011fin diliyle konu\u015fturdu. Topra\u011fa can, renge anlam, sanata \u00f6l\u00fcms\u00fczl\u00fck katt\u0131. Ve en g\u00fczelini yapt\u0131. Bu ate\u015fi ba\u015fkalar\u0131na da aktard\u0131. Y\u00fczlerce \u00f6\u011frenci yeti\u015ftirdi. Her biri onun elinden tutmu\u015f birer \u0131\u015f\u0131k. Bug\u00fcn o \u0131\u015f\u0131klar, onun yoklu\u011funda bile K\u00fctahya\u2019n\u0131n her k\u00f6\u015fesini ayd\u0131nlat\u0131yor. Hamza usta gitti ama \u00e7inileri konu\u015fuyor. Bir lale a\u00e7t\u0131\u011f\u0131nda onun g\u00fcl\u00fc\u015f\u00fc a\u00e7\u0131l\u0131yor. Bir rumi k\u0131vr\u0131ld\u0131\u011f\u0131nda onun kalbi k\u0131vr\u0131l\u0131yor. Bir mavi parlad\u0131\u011f\u0131nda onun g\u00f6zlerindeki o derin K\u00fctahya mavisi parl\u0131yor&#8221; ifadelerini kulland\u0131.<\/p>\n<p>&#8220;\u015eimdi bize d\u00fc\u015fen onun b\u0131rakt\u0131\u011f\u0131 f\u0131r\u00e7ay\u0131 yere d\u00fc\u015f\u00fcrmemek&#8221;<br \/>\n<br \/>&#8220;\u015eimdi bize d\u00fc\u015fen onun b\u0131rakt\u0131\u011f\u0131 f\u0131r\u00e7ay\u0131 yere d\u00fc\u015f\u00fcrmemek&#8221; diyen Rekt\u00f6r K\u0131z\u0131ltoprak, &#8220;Onun \u2019Bismillah\u2019 dedi\u011fi her desene sahip \u00e7\u0131kmak. Onun sabr\u0131n\u0131, onun a\u015fk\u0131n\u0131, onun K\u00fctahya\u2019s\u0131n\u0131 ya\u015fatmak. Ey Hamza usta sen topra\u011fa d\u00f6nd\u00fcn ama senin \u00e7inilerin g\u00f6ky\u00fcz\u00fcnde. Sen sustun ama desenlerin h\u00e2l\u00e2 dua okuyor. Elveda demiyoruz. \u00c7\u00fcnk\u00fc sen her f\u0131r\u0131n a\u00e7\u0131ld\u0131\u011f\u0131nda, her \u00e7ini parlad\u0131\u011f\u0131nda bir kez daha aram\u0131za d\u00f6n\u00fcyorsun. Allah rahmet eylesin. Mek\u00e2n\u0131n cennet, \u00e7inilerin ebediyete nak\u015folsun&#8221; dedi.<br \/>\n<br \/>T\u00f6renin ard\u0131ndan kat\u0131l\u0131mc\u0131lar k\u00fct\u00fcphane binas\u0131 i\u00e7inde Hamza \u00dcst\u00fcnkaya\u2019n\u0131n \u00e7al\u0131\u015fmalar\u0131n\u0131 y\u00fcr\u00fctt\u00fc\u011f\u00fc ve kendi ad\u0131 verilen \u00c7ini Tasar\u0131m ve Uygulama At\u00f6lyesi\u2019ni ziyaret etti. Anma program\u0131 kapsam\u0131nda DP\u00dc Vak\u0131f Camii\u2019nde Hamza \u00dcst\u00fcnkaya i\u00e7in mevlit okunarak, helva da da\u011f\u0131t\u0131ld\u0131.<br \/><\/p>\n","protected":false},"excerpt":{"rendered":"<p>K\u00fctahya Dumlup\u0131nar \u00dcniversitesi\u2019nde (DP\u00dc) K\u00fclt\u00fcr ve Turizm Bakanl\u0131\u011f\u0131 taraf\u0131ndan &#8220;Ya\u015fayan \u0130nsan Hazinesi&#8221; unvan\u0131na sahip olan ve ge\u00e7en hafta ya\u015fam\u0131n\u0131 yitiren \u00e7ini sanat\u00e7\u0131s\u0131 Hamza \u00dcst\u00fcnkaya i\u00e7in anma t\u00f6reni ger\u00e7ekle\u015ftirildi. \u015eehit Astsubay \u00d6mer Halisdemir K\u00fct\u00fcphanesi Konferans Salonu\u2019nda d\u00fczenlenen anma t\u00f6renine K\u00fctahya Vali Yard\u0131mc\u0131s\u0131 S\u00fcleyman Oval\u0131, Rekt\u00f6r Prof. Dr. S\u00fcleyman K\u0131z\u0131ltoprak, Rekt\u00f6r Yard\u0131mc\u0131lar\u0131 Prof. Dr. \u0130smail Yal\u00e7\u0131n ve&#8230;<\/p>\n","protected":false},"author":1,"featured_media":66508,"comment_status":"open","ping_status":"open","sticky":false,"template":"","format":"standard","meta":{"_crdt_document":"","footnotes":""},"categories":[1],"tags":[],"class_list":["post-66507","post","type-post","status-publish","format-standard","has-post-thumbnail","hentry","category-guncel"],"_links":{"self":[{"href":"https:\/\/www.egemtv.com\/index.php?rest_route=\/wp\/v2\/posts\/66507","targetHints":{"allow":["GET"]}}],"collection":[{"href":"https:\/\/www.egemtv.com\/index.php?rest_route=\/wp\/v2\/posts"}],"about":[{"href":"https:\/\/www.egemtv.com\/index.php?rest_route=\/wp\/v2\/types\/post"}],"author":[{"embeddable":true,"href":"https:\/\/www.egemtv.com\/index.php?rest_route=\/wp\/v2\/users\/1"}],"replies":[{"embeddable":true,"href":"https:\/\/www.egemtv.com\/index.php?rest_route=%2Fwp%2Fv2%2Fcomments&post=66507"}],"version-history":[{"count":1,"href":"https:\/\/www.egemtv.com\/index.php?rest_route=\/wp\/v2\/posts\/66507\/revisions"}],"predecessor-version":[{"id":66509,"href":"https:\/\/www.egemtv.com\/index.php?rest_route=\/wp\/v2\/posts\/66507\/revisions\/66509"}],"wp:featuredmedia":[{"embeddable":true,"href":"https:\/\/www.egemtv.com\/index.php?rest_route=\/wp\/v2\/media\/66508"}],"wp:attachment":[{"href":"https:\/\/www.egemtv.com\/index.php?rest_route=%2Fwp%2Fv2%2Fmedia&parent=66507"}],"wp:term":[{"taxonomy":"category","embeddable":true,"href":"https:\/\/www.egemtv.com\/index.php?rest_route=%2Fwp%2Fv2%2Fcategories&post=66507"},{"taxonomy":"post_tag","embeddable":true,"href":"https:\/\/www.egemtv.com\/index.php?rest_route=%2Fwp%2Fv2%2Ftags&post=66507"}],"curies":[{"name":"wp","href":"https:\/\/api.w.org\/{rel}","templated":true}]}}