{"id":66501,"date":"2025-11-07T22:14:35","date_gmt":"2025-11-07T19:14:35","guid":{"rendered":"https:\/\/www.egemtv.com\/?p=66501"},"modified":"2025-11-07T22:14:35","modified_gmt":"2025-11-07T19:14:35","slug":"burdurda-1-aydir-haber-alinamayan-kadin-evinde-olu-bulundu","status":"publish","type":"post","link":"https:\/\/www.egemtv.com\/?p=66501","title":{"rendered":"Burdur\u2019da 1 ayd\u0131r haber al\u0131namayan kad\u0131n evinde \u00f6l\u00fc bulundu"},"content":{"rendered":"<p>Burdur\u2019un G\u00f6lhisar il\u00e7esinde kendisinden yakla\u015f\u0131k 1 ayd\u0131r haber al\u0131namayan 45 ya\u015f\u0131ndaki kad\u0131n evinde \u00f6l\u00fc bulundu. \u00d6l\u00fcm nedeni yap\u0131lacak olan otopsinin ard\u0131ndan netlik kazanacak.<br \/>\n<br \/>Olay, saat 17.30 s\u0131ralar\u0131nda G\u00f6lhisar il\u00e7esi \u00c7e\u015fme Mahallesi H\u00fcrriyet Caddesi \u00fczerinde bulunan bir apartmanda meydana geldi. Edinilen bilgiye g\u00f6re, yaln\u0131z ya\u015fayan Nur\u015fen \u00c7elik\u2019ten (45) yakla\u015f\u0131k bir ayd\u0131r haber alamayan yak\u0131nlar\u0131 bug\u00fcn evine geldi. Kap\u0131n\u0131n kilitli olmas\u0131 \u00fczerine yak\u0131nlar\u0131 112 Acil \u00c7a\u011fr\u0131 Merkezi\u2019ni arad\u0131. \u0130hbar \u00fczerine adrese gelen polis ekipleri, \u00e7ilingir yard\u0131m\u0131yla kap\u0131y\u0131 a\u00e7\u0131p i\u00e7eriye girdiklerinde \u00c7elik\u2019in cans\u0131z bedeniyle kar\u015f\u0131la\u015ft\u0131. Yap\u0131lan incelemenin ard\u0131ndan \u00c7elik\u2019in cenazesi, otopsi i\u00e7in Antalya Adli T\u0131p Kurumu morguna g\u00f6t\u00fcr\u00fcld\u00fc.<br \/>\n<br \/>Yap\u0131lacak otopsinin ard\u0131ndan \u00c7elik\u2019in \u00f6l\u00fcm nedeni netlik kazanacak. \u00c7elik\u2019in 1 ay \u00f6nce aya\u011f\u0131n\u0131n k\u0131r\u0131ld\u0131\u011f\u0131 ve bu sebeple evden \u00e7\u0131kamad\u0131 \u00f6\u011frenildi. Olayla ilgili tahkikat ba\u015flat\u0131ld\u0131.<br \/><\/p>\n","protected":false},"excerpt":{"rendered":"<p>Burdur\u2019un G\u00f6lhisar il\u00e7esinde kendisinden yakla\u015f\u0131k 1 ayd\u0131r haber al\u0131namayan 45 ya\u015f\u0131ndaki kad\u0131n evinde \u00f6l\u00fc bulundu. \u00d6l\u00fcm nedeni yap\u0131lacak olan otopsinin ard\u0131ndan netlik kazanacak. Olay, saat 17.30 s\u0131ralar\u0131nda G\u00f6lhisar il\u00e7esi \u00c7e\u015fme Mahallesi H\u00fcrriyet Caddesi \u00fczerinde bulunan bir apartmanda meydana geldi. Edinilen bilgiye g\u00f6re, yaln\u0131z ya\u015fayan Nur\u015fen \u00c7elik\u2019ten (45) yakla\u015f\u0131k bir ayd\u0131r haber alamayan yak\u0131nlar\u0131 bug\u00fcn evine&#8230;<\/p>\n","protected":false},"author":1,"featured_media":66502,"comment_status":"open","ping_status":"open","sticky":false,"template":"","format":"standard","meta":{"_crdt_document":"","footnotes":""},"categories":[5],"tags":[],"class_list":["post-66501","post","type-post","status-publish","format-standard","has-post-thumbnail","hentry","category-asayis"],"_links":{"self":[{"href":"https:\/\/www.egemtv.com\/index.php?rest_route=\/wp\/v2\/posts\/66501","targetHints":{"allow":["GET"]}}],"collection":[{"href":"https:\/\/www.egemtv.com\/index.php?rest_route=\/wp\/v2\/posts"}],"about":[{"href":"https:\/\/www.egemtv.com\/index.php?rest_route=\/wp\/v2\/types\/post"}],"author":[{"embeddable":true,"href":"https:\/\/www.egemtv.com\/index.php?rest_route=\/wp\/v2\/users\/1"}],"replies":[{"embeddable":true,"href":"https:\/\/www.egemtv.com\/index.php?rest_route=%2Fwp%2Fv2%2Fcomments&post=66501"}],"version-history":[{"count":1,"href":"https:\/\/www.egemtv.com\/index.php?rest_route=\/wp\/v2\/posts\/66501\/revisions"}],"predecessor-version":[{"id":66503,"href":"https:\/\/www.egemtv.com\/index.php?rest_route=\/wp\/v2\/posts\/66501\/revisions\/66503"}],"wp:featuredmedia":[{"embeddable":true,"href":"https:\/\/www.egemtv.com\/index.php?rest_route=\/wp\/v2\/media\/66502"}],"wp:attachment":[{"href":"https:\/\/www.egemtv.com\/index.php?rest_route=%2Fwp%2Fv2%2Fmedia&parent=66501"}],"wp:term":[{"taxonomy":"category","embeddable":true,"href":"https:\/\/www.egemtv.com\/index.php?rest_route=%2Fwp%2Fv2%2Fcategories&post=66501"},{"taxonomy":"post_tag","embeddable":true,"href":"https:\/\/www.egemtv.com\/index.php?rest_route=%2Fwp%2Fv2%2Ftags&post=66501"}],"curies":[{"name":"wp","href":"https:\/\/api.w.org\/{rel}","templated":true}]}}