{"id":66480,"date":"2025-11-07T19:14:46","date_gmt":"2025-11-07T16:14:46","guid":{"rendered":"https:\/\/www.egemtv.com\/?p=66480"},"modified":"2025-11-07T19:14:46","modified_gmt":"2025-11-07T16:14:46","slug":"kutahyada-madde-ve-sanal-kumar-bagimliligi-ile-mucadele-konulu-konferans","status":"publish","type":"post","link":"https:\/\/www.egemtv.com\/?p=66480","title":{"rendered":"K\u00fctahya\u2019da &#8220;Madde ve Sanal Kumar Ba\u011f\u0131ml\u0131l\u0131\u011f\u0131 ile M\u00fccadele&#8221; konulu konferans"},"content":{"rendered":"<p>\u00dclk\u00fc Ocaklar\u0131 E\u011fitim ve K\u00fclt\u00fcr Vakf\u0131 K\u00fctahya \u0130l Ba\u015fkanl\u0131\u011f\u0131, Ye\u015filay K\u00fctahya \u015eubesi i\u015fbirli\u011finde &#8220;Madde ve Dijital \u00c7a\u011f\u0131n Tuza\u011f\u0131 Sanal Kumar Ba\u011f\u0131ml\u0131l\u0131\u011f\u0131 ile M\u00fccadele E\u011fitimi&#8221; konuli konferans d\u00fczenledi.<br \/>\n<br \/>\u00dclk\u00fc Ocaklar\u0131 K\u00fctahya \u0130l Ba\u015fkanl\u0131\u011f\u0131 binas\u0131ndaki konferans salonunda Psikolojik Dan\u0131\u015fman Sezer Yaz\u0131c\u0131 taraf\u0131ndan verilen konferansa MHP K\u00fctahya \u0130l Te\u015fkilat\u0131 y\u00f6neticileri, Ye\u015filay K\u00fctahya \u015eube Ba\u015fkan\u0131 Mehmet Bilgili ve y\u00f6netimi, T\u00dcRKAV K\u00fctahya \u015eubesi Ba\u015fkan\u0131 \u00dcnal T\u00fcre ve y\u00f6netimi, \u00e7ok say\u0131da \u00f6\u011frenci ve veliler kat\u0131ld\u0131. Konferansta madde kullan\u0131m\u0131n\u0131n zararlar\u0131, sanal kumar al\u0131\u015fkanl\u0131\u011f\u0131n\u0131n bireye zararlar\u0131 konular\u0131nda bilgi verilirken, toplumda b\u00f6yle bireylere y\u00f6nelik Ye\u015filay taraf\u0131ndan yap\u0131lan \u00e7al\u0131\u015fmalar hakk\u0131nda da kat\u0131l\u0131mc\u0131lara ayr\u0131nt\u0131l\u0131 bilgi verildi.<br \/>\n<br \/>\u00dclk\u00fc Ocaklar\u0131 K\u00fctahya \u0130l Ba\u015fkan\u0131 \u0130lker B\u00fckni, &#8220;Konferans\u0131m\u0131z\u0131 bug\u00fcn birlikte ger\u00e7ekle\u015ftirdi\u011fimiz Ye\u015filay K\u00fctahya \u015eubemize te\u015fekk\u00fcr ediyoruz. Bug\u00fcn ger\u00e7ekle\u015fen konferans \u00e7ok verimli ge\u00e7ti ve bu konular ile ilgili e\u011fitimimiz \u00e7ok faydal\u0131 oldu. \u00dclk\u00fc Ocaklar\u0131 olarak T\u00fcrkiye genelinde madde ba\u011f\u0131ml\u0131l\u0131\u011f\u0131,sanal kumar ba\u011f\u0131ml\u0131l\u0131\u011f\u0131 ve ekran ba\u011f\u0131ml\u0131l\u0131\u011f\u0131 gibi konularda bizler de elimizden geldi\u011fince projelerimizle bu m\u00fccadelede biz de var\u0131z diyoruz. Sanal kumar ve madde ba\u011f\u0131ml\u0131l\u0131\u011f\u0131 ile m\u00fccadele kapsam\u0131nda \u00f6zellikle gen\u00e7lerimizden iste\u011fimiz hem kendilerinin hem de arkada\u015flar\u0131n\u0131n fark\u0131nda olarak birbirlerine sahip \u00e7\u0131kmalar\u0131d\u0131r.Huzurumuzu derinden tehdit eden madde ba\u011f\u0131ml\u0131l\u0131\u011f\u0131 ve sanal kumara kar\u015f\u0131 irade g\u00f6sterecek kudret ve kuvvete sahip yeg\u00e2ne T\u00fcrk gen\u00e7li\u011fidir. Bu noktada gelece\u011fimizi, sanal kumara ve uyu\u015fturucuya de\u011fil; e\u011fitime ve \u00fcretime teslim etmeliyiz. \u0130\u015fte bu anlay\u0131\u015fla T\u00fcrk gen\u00e7li\u011fini bilin\u00e7li, kararl\u0131 ve g\u00fc\u00e7l\u00fc bireyler olarak yeti\u015ftirebilmek i\u00e7in gece g\u00fcnd\u00fcz \u00e7al\u0131\u015fan \u00dclk\u00fc Ocaklar\u0131m\u0131za davet ediyoruz. \u00c7\u00fcnk\u00fc biz biliyoruz ki, sa\u011fl\u0131kl\u0131 bir zihin, g\u00fc\u00e7l\u00fc bir irade ve temiz bir ya\u015fam, milli \u015fuurun temelidir&#8221; diye konu\u015ftu.<br \/><\/p>\n","protected":false},"excerpt":{"rendered":"<p>\u00dclk\u00fc Ocaklar\u0131 E\u011fitim ve K\u00fclt\u00fcr Vakf\u0131 K\u00fctahya \u0130l Ba\u015fkanl\u0131\u011f\u0131, Ye\u015filay K\u00fctahya \u015eubesi i\u015fbirli\u011finde &#8220;Madde ve Dijital \u00c7a\u011f\u0131n Tuza\u011f\u0131 Sanal Kumar Ba\u011f\u0131ml\u0131l\u0131\u011f\u0131 ile M\u00fccadele E\u011fitimi&#8221; konuli konferans d\u00fczenledi. \u00dclk\u00fc Ocaklar\u0131 K\u00fctahya \u0130l Ba\u015fkanl\u0131\u011f\u0131 binas\u0131ndaki konferans salonunda Psikolojik Dan\u0131\u015fman Sezer Yaz\u0131c\u0131 taraf\u0131ndan verilen konferansa MHP K\u00fctahya \u0130l Te\u015fkilat\u0131 y\u00f6neticileri, Ye\u015filay K\u00fctahya \u015eube Ba\u015fkan\u0131 Mehmet Bilgili ve y\u00f6netimi,&#8230;<\/p>\n","protected":false},"author":1,"featured_media":66481,"comment_status":"open","ping_status":"open","sticky":false,"template":"","format":"standard","meta":{"_crdt_document":"","footnotes":""},"categories":[123],"tags":[],"class_list":["post-66480","post","type-post","status-publish","format-standard","has-post-thumbnail","hentry","category-gundem"],"_links":{"self":[{"href":"https:\/\/www.egemtv.com\/index.php?rest_route=\/wp\/v2\/posts\/66480","targetHints":{"allow":["GET"]}}],"collection":[{"href":"https:\/\/www.egemtv.com\/index.php?rest_route=\/wp\/v2\/posts"}],"about":[{"href":"https:\/\/www.egemtv.com\/index.php?rest_route=\/wp\/v2\/types\/post"}],"author":[{"embeddable":true,"href":"https:\/\/www.egemtv.com\/index.php?rest_route=\/wp\/v2\/users\/1"}],"replies":[{"embeddable":true,"href":"https:\/\/www.egemtv.com\/index.php?rest_route=%2Fwp%2Fv2%2Fcomments&post=66480"}],"version-history":[{"count":1,"href":"https:\/\/www.egemtv.com\/index.php?rest_route=\/wp\/v2\/posts\/66480\/revisions"}],"predecessor-version":[{"id":66482,"href":"https:\/\/www.egemtv.com\/index.php?rest_route=\/wp\/v2\/posts\/66480\/revisions\/66482"}],"wp:featuredmedia":[{"embeddable":true,"href":"https:\/\/www.egemtv.com\/index.php?rest_route=\/wp\/v2\/media\/66481"}],"wp:attachment":[{"href":"https:\/\/www.egemtv.com\/index.php?rest_route=%2Fwp%2Fv2%2Fmedia&parent=66480"}],"wp:term":[{"taxonomy":"category","embeddable":true,"href":"https:\/\/www.egemtv.com\/index.php?rest_route=%2Fwp%2Fv2%2Fcategories&post=66480"},{"taxonomy":"post_tag","embeddable":true,"href":"https:\/\/www.egemtv.com\/index.php?rest_route=%2Fwp%2Fv2%2Ftags&post=66480"}],"curies":[{"name":"wp","href":"https:\/\/api.w.org\/{rel}","templated":true}]}}