{"id":66477,"date":"2025-11-07T18:34:40","date_gmt":"2025-11-07T15:34:40","guid":{"rendered":"https:\/\/www.egemtv.com\/?p=66477"},"modified":"2025-11-07T18:34:41","modified_gmt":"2025-11-07T15:34:41","slug":"isparta-belediyesi-sehir-tiyatrolari-eyvah-yine-karisti-adli-komedi-oyunu-ile-perdelerini-acti","status":"publish","type":"post","link":"https:\/\/www.egemtv.com\/?p=66477","title":{"rendered":"Isparta Belediyesi \u015eehir Tiyatrolar\u0131 &#8220;Eyvah Yine Kar\u0131\u015ft\u0131&#8221; adl\u0131 komedi oyunu ile perdelerini a\u00e7t\u0131"},"content":{"rendered":"<p>Isparta Belediyesi ile Isparta Uygulamal\u0131 Bilimler \u00dcniversitesi i\u015f birli\u011fiyle kurulan Isparta Belediyesi \u015eehir Tiyatrolar\u0131, &#8220;Eyvah Yine Kar\u0131\u015ft\u0131&#8221; adl\u0131 komedi oyunu ile perdelerini a\u00e7t\u0131. Isparta Belediyesi K\u00fclt\u00fcr Merkezi\u2019nde sahne alan oyuna ilgi ise bir hayli yo\u011fundu.<br \/>\n<br \/>Isparta, k\u00fclt\u00fcr ve sanat alan\u0131ndaki yeniliklerine devam ediyor. Isparta Belediye Ba\u015fkan\u0131 \u015e\u00fckr\u00fc Ba\u015fde\u011firmen\u2019in \u00f6nc\u00fcl\u00fc\u011f\u00fcnde Isparta Belediyesi ile Isparta Uygulamal\u0131 Bilimler \u00dcniversitesi i\u015f birli\u011fiyle Isparta Belediyesi \u015eehit Tiyatrolar\u0131 kuruldu. Belediye ile \u00fcniversite i\u015f birli\u011finde kurulan ve T\u00fcrkiye\u2019de ilk olma \u00f6zelli\u011fine sahip olan Isparta Belediyesi \u015eehir Tiyatrolar\u0131, &#8220;Eyvah Yine Kar\u0131\u015ft\u0131&#8221; adl\u0131 komedi oyunu ile perdelerini a\u00e7t\u0131. Tiyatro g\u00f6sterimi \u00f6ncesi Isparta Belediyesi \u015eehit Tiyatrolar\u0131 galas\u0131 yap\u0131ld\u0131. D\u00fczenlenen galaya Isparta Belediye Ba\u015fkan Yard\u0131mc\u0131lar\u0131 U\u011fur B\u00fcy\u00fck\u00e7ulcu ve \u00d6zler Erdo\u011fan, ISUB\u00dc Rekt\u00f6r Vekili Prof. Dr. Ramazan \u00d6z\u00e7elik, AK Parti \u0130l Ba\u015fkan\u0131 Furkan Cem Er, MHP \u0130l Ba\u015fkan\u0131 \u00d6nder Top\u00e7u, ITSO Ba\u015fkan\u0131 Metin \u00c7elik, akademisyenler ve \u00e7ok say\u0131da davetli kat\u0131ld\u0131.<\/p>\n<p>\u00d6z\u00e7elik: &#8220;Belediyemizin deste\u011fi takdire \u015fayand\u0131r&#8221;<br \/>\n<br \/>Galan\u0131n a\u00e7\u0131l\u0131\u015f konu\u015fmas\u0131n\u0131 yapan ISUB\u00dc Rekt\u00f6r Vekili Prof. Dr. Ramazan \u00d6z\u00e7elik, Isparta Belediyesi \u015eehir Tiyatrosu\u2019nun kurulu\u015funda Isparta Belediye Ba\u015fkan\u0131 \u015e\u00fckr\u00fc Ba\u015fde\u011firmen\u2019in b\u00fcy\u00fck desteklerinin oldu\u011funu belirterek, desteklerinden dolay\u0131 Ba\u015fkan Ba\u015fde\u011firmen\u2019e te\u015fekk\u00fcr etti. Rekt\u00f6r Vekili \u00d6z\u00e7elik, &#8220;Devletimizin kurucusu Gazi Mustafa Kemal Atat\u00fcrk\u2019\u00fcn \u2018Bir millet sanattan ve sanatkardan mahrumsa tam bir hayata malik olamaz. Sanats\u0131z kalan bir milletin hayat damarlar\u0131ndan biri kopmu\u015f demektir\u2019 s\u00f6z\u00fcnden ilham ald\u0131\u011f\u0131m\u0131zda Isparta Belediyesi ve Isparta Uygulamal\u0131 Bilimler \u00dcniversitesi i\u015f birli\u011finde \u015fehrimizin k\u00fclt\u00fcrel hayat\u0131na b\u00fcy\u00fck katk\u0131lar sa\u011flayaca\u011f\u0131n\u0131 umdu\u011fumuz bu b\u00fcy\u00fck projeyi hayata ge\u00e7irmekten b\u00fcy\u00fck gurur ve mutluluk duyuyoruz. Isparta Belediyesi ile ger\u00e7ekle\u015ftirdi\u011fimiz bu ortakl\u0131k yaln\u0131zca bir \u015fehir tiyatrosu kurma projesi olmas\u0131 \u00f6tesinde akademik bilgi ve deneyimin sahne sanatlar\u0131yla bulu\u015ftu\u011fu bir ekosistem olu\u015fturmaktad\u0131r. Isparta Belediyemizin k\u00fclt\u00fcr ve sanat alan\u0131na verdi\u011fi \u00f6nemin bir sonucu olarak bu proje \u015fehrimizdeki t\u00fcm vatanda\u015flar\u0131m\u0131z\u0131n sanatla bulu\u015fmas\u0131 i\u00e7in e\u015fsiz bir f\u0131rsatt\u0131r. Isparta Belediyemizin \u015fehir tiyatrosunun kurulmas\u0131nda sa\u011flad\u0131\u011f\u0131 destek takdire \u015fayand\u0131r. Tiyatro salonlar\u0131n\u0131n modernize edilmesinden teknik ekipman ve altyap\u0131n\u0131n sa\u011flanmas\u0131na k\u00fclt\u00fcrel etkinliklerin organize edilmesinden, \u015fehrin t\u00fcm il\u00e7elerine tiyatro etkinli\u011finin sa\u011flanmas\u0131na kadar belediyemizin katk\u0131s\u0131, s\u00fcrecin ba\u015far\u0131l\u0131 olmas\u0131nda kritik bir rol oynamaktad\u0131r. Bu nedenle Isparta Belediye Ba\u015fkan\u0131m\u0131z \u015e\u00fckr\u00fc Ba\u015fde\u011firmen\u2019e \u00e7ok te\u015fekk\u00fcr ediyoruz&#8221; dedi.<\/p>\n<p>B\u00fcy\u00fck\u00e7ulcu: &#8220;\u00c7ocuklar\u0131m\u0131z\u0131 da tiyatroyla bulu\u015fturuyoruz&#8221;<br \/>\n<br \/>Isparta Belediye Ba\u015fkan Yard\u0131mc\u0131s\u0131 U\u011fur B\u00fcy\u00fck\u00e7ulcu, Isparta Belediyesi \u015eehir Tiyatrolar\u0131 i\u00e7in Belediye Ba\u015fkan\u0131 \u015e\u00fckr\u00fc Ba\u015fde\u011firmen\u2019in \u00f6nemli destekler verdi\u011fini belirterek, ISUB\u00dc\u2019n\u00fcn sanata olan duyarl\u0131 yakla\u015f\u0131m\u0131n\u0131n da s\u00fcrece katk\u0131s\u0131 oldu\u011funu vurgulad\u0131. Ba\u015fkan Yard\u0131mc\u0131s\u0131 B\u00fcy\u00fck\u00e7ulcu, &#8220;\u0130\u00e7inde bulundu\u011fumuz Isparta Belediyesi K\u00fclt\u00fcr Merkezi bug\u00fcn tarihi bir ana daha \u015fahitlik ediyor. Belediye ile \u00fcniversite i\u015f birli\u011finde kurulan ve T\u00fcrkiye\u2019de bir ilk olan Isparta Belediyesi \u015eehir Tiyatrosu\u2019nun gala program\u0131n\u0131 yap\u0131yoruz. Isparta Belediyesi \u015eehir Tiyatrolar\u0131, kentimizin k\u00fclt\u00fcr ve sanat ya\u015fam\u0131nda kal\u0131c\u0131 bir soluk kazand\u0131rmak amac\u0131yla 2025 y\u0131l\u0131nda Belediye Ba\u015fkan\u0131m\u0131z Say\u0131n \u015e\u00fckr\u00fc Ba\u015fde\u011firmen\u2019in direktifleri do\u011frultusunda bug\u00fcnlere geldi. Ba\u015fkan\u0131m\u0131z\u0131n ve ekibimizin yo\u011fun \u00e7al\u0131\u015fmalar\u0131yla Isparta\u2019n\u0131n k\u00fclt\u00fcrel kimli\u011fini g\u00fc\u00e7lendirmeyi, tiyatroyu toplumun her kesimiyle bulu\u015fturmay\u0131, hedefleyerek kurulu\u015f s\u00fcrecinde yerel sanat topluluklar\u0131n\u0131n birikimini, belediyemizin deste\u011fini ve akademik \u00e7evrelerin katk\u0131s\u0131n\u0131 bir araya getirmeye gayret ettik. ISUB\u00dc\u2019n\u00fcn sanata olan duyarl\u0131 yakla\u015f\u0131m\u0131 bu s\u00fcre\u00e7te bizler i\u00e7in \u00f6nemli bir dayanak olmu\u015ftur. Bu i\u015f birli\u011fi ile Isparta\u2019n\u0131n k\u00fclt\u00fcrel d\u00f6n\u00fc\u015f\u00fcm\u00fc olumlu y\u00f6nde olacakt\u0131r. \u015eehir tiyatrolar\u0131m\u0131z\u0131n se\u00e7melerine 106 ki\u015fi ba\u015fvurdu. Yap\u0131lan se\u00e7melerde 21 oyuncu Isparta Belediyesi \u015eehir Tiyatrosuna girmeye hak kazand\u0131. Ayr\u0131ca bu ekip, \u00e7ocuklar\u0131 da tiyatroyla bulu\u015fturacak. \u00c7ocuklar i\u00e7in tiyatro g\u00f6sterisi ise 9 Kas\u0131m saat 15.00\u2019da yine Isparta Belediyesi K\u00fclt\u00fcr Merkezi\u2019nde olacak&#8221; diye konu\u015ftu.<br \/>\n<br \/>Galan\u0131n ard\u0131ndan &#8220;Eyvah Yine Kar\u0131\u015ft\u0131&#8221; adl\u0131 komedi oyunu sahnelendi. Salonun h\u0131nca h\u0131n\u00e7 doldu\u011fu oyun, izleyenler taraf\u0131ndan b\u00fcy\u00fck be\u011feni toplad\u0131.<br \/><\/p>\n","protected":false},"excerpt":{"rendered":"<p>Isparta Belediyesi ile Isparta Uygulamal\u0131 Bilimler \u00dcniversitesi i\u015f birli\u011fiyle kurulan Isparta Belediyesi \u015eehir Tiyatrolar\u0131, &#8220;Eyvah Yine Kar\u0131\u015ft\u0131&#8221; adl\u0131 komedi oyunu ile perdelerini a\u00e7t\u0131. Isparta Belediyesi K\u00fclt\u00fcr Merkezi\u2019nde sahne alan oyuna ilgi ise bir hayli yo\u011fundu. Isparta, k\u00fclt\u00fcr ve sanat alan\u0131ndaki yeniliklerine devam ediyor. Isparta Belediye Ba\u015fkan\u0131 \u015e\u00fckr\u00fc Ba\u015fde\u011firmen\u2019in \u00f6nc\u00fcl\u00fc\u011f\u00fcnde Isparta Belediyesi ile Isparta Uygulamal\u0131 Bilimler&#8230;<\/p>\n","protected":false},"author":1,"featured_media":66478,"comment_status":"open","ping_status":"open","sticky":false,"template":"","format":"standard","meta":{"_crdt_document":"","footnotes":""},"categories":[1],"tags":[],"class_list":["post-66477","post","type-post","status-publish","format-standard","has-post-thumbnail","hentry","category-guncel"],"_links":{"self":[{"href":"https:\/\/www.egemtv.com\/index.php?rest_route=\/wp\/v2\/posts\/66477","targetHints":{"allow":["GET"]}}],"collection":[{"href":"https:\/\/www.egemtv.com\/index.php?rest_route=\/wp\/v2\/posts"}],"about":[{"href":"https:\/\/www.egemtv.com\/index.php?rest_route=\/wp\/v2\/types\/post"}],"author":[{"embeddable":true,"href":"https:\/\/www.egemtv.com\/index.php?rest_route=\/wp\/v2\/users\/1"}],"replies":[{"embeddable":true,"href":"https:\/\/www.egemtv.com\/index.php?rest_route=%2Fwp%2Fv2%2Fcomments&post=66477"}],"version-history":[{"count":1,"href":"https:\/\/www.egemtv.com\/index.php?rest_route=\/wp\/v2\/posts\/66477\/revisions"}],"predecessor-version":[{"id":66479,"href":"https:\/\/www.egemtv.com\/index.php?rest_route=\/wp\/v2\/posts\/66477\/revisions\/66479"}],"wp:featuredmedia":[{"embeddable":true,"href":"https:\/\/www.egemtv.com\/index.php?rest_route=\/wp\/v2\/media\/66478"}],"wp:attachment":[{"href":"https:\/\/www.egemtv.com\/index.php?rest_route=%2Fwp%2Fv2%2Fmedia&parent=66477"}],"wp:term":[{"taxonomy":"category","embeddable":true,"href":"https:\/\/www.egemtv.com\/index.php?rest_route=%2Fwp%2Fv2%2Fcategories&post=66477"},{"taxonomy":"post_tag","embeddable":true,"href":"https:\/\/www.egemtv.com\/index.php?rest_route=%2Fwp%2Fv2%2Ftags&post=66477"}],"curies":[{"name":"wp","href":"https:\/\/api.w.org\/{rel}","templated":true}]}}