{"id":66474,"date":"2025-11-07T18:14:44","date_gmt":"2025-11-07T15:14:44","guid":{"rendered":"https:\/\/www.egemtv.com\/?p=66474"},"modified":"2025-11-07T18:14:45","modified_gmt":"2025-11-07T15:14:45","slug":"baskan-basdegirmen-basarili-sporculari-odullendirdi","status":"publish","type":"post","link":"https:\/\/www.egemtv.com\/?p=66474","title":{"rendered":"Ba\u015fkan Ba\u015fde\u011firmen, ba\u015far\u0131l\u0131 sporcular\u0131 \u00f6d\u00fcllendirdi"},"content":{"rendered":"<p>Isparta Belediyesi Spor Kul\u00fcb\u00fc sporcusu milli halterci Fatmag\u00fcl \u00c7evik, Arnavutluk\u2019un Durres kentinde 28 Ekim-4 Kas\u0131m 2025 tarihleri aras\u0131nda d\u00fczenlenen Gen\u00e7ler ve 23 Ya\u015f Alt\u0131 Avrupa Halter \u015eampiyonas\u0131\u2019nda \u015fampiyon olurken, yine Isparta Belediyesi Spor Kul\u00fcb\u00fc sporcusu Mustafa Erdo\u011fan Avrupa \u00fc\u00e7\u00fcnc\u00fcl\u00fc\u011f\u00fc elde etti. Isparta Belediye Ba\u015fkan\u0131 \u015e\u00fckr\u00fc Ba\u015fde\u011firmen, milli sporcular Fatmag\u00fcl \u00c7evik ve Mustafa Erdo\u011fan\u2019\u0131 tebrik ederek, alt\u0131nla \u00f6d\u00fcllendirdi.<br \/>\n<br \/>Bug\u00fcne kadar bir\u00e7ok ba\u015far\u0131ya imza atan Isparta Belediyesi Spor Kul\u00fcb\u00fc Halter Tak\u0131m\u0131 sporcusu milli halterci Fatmag\u00fcl \u00c7evik, Arnavutluk\u2019un Durres kentinde 28 Ekim-4 Kas\u0131m 2025 tarihleri aras\u0131nda d\u00fczenlenen Gen\u00e7ler ve 23 Ya\u015f Alt\u0131 Avrupa Halter \u015eampiyonas\u0131\u2019nda Kad\u0131nlar Gen\u00e7ler +86 kilo kategorisinde koparmada 111 kilo, silkmede 134 kilo toplamda ise 245 kilo kald\u0131rarak Avrupa \u015fampiyonu oldu.<br \/>\n<br \/>Isparta Belediyesi Spor Kul\u00fcb\u00fc Halter Tak\u0131m\u0131 Milli Sporcusu Mustafa Erdo\u011fan da ayn\u0131 \u015fampiyonada b\u00fcy\u00fck bir ba\u015far\u0131ya imza att\u0131. Erdo\u011fan, silkme kategorisinde 141 kilogram kald\u0131rarak Avrupa \u00fc\u00e7\u00fcnc\u00fcl\u00fc\u011f\u00fc elde etti.<br \/>\n<br \/>Milli sporcular Fatmag\u00fcl \u00c7evik ve Mustafa Erdo\u011fan ile antren\u00f6r Ferit \u015een, Isparta Belediye Meclisi\u2019nin kas\u0131m ay\u0131 toplant\u0131s\u0131na misafir oldu. Belediye Ba\u015fkan\u0131 \u015e\u00fckr\u00fc Ba\u015fde\u011firmen, toplant\u0131 \u00f6ncesinde milli sporcular Fatmag\u00fcl \u00c7evik ve Mustafa Erdo\u011fan ile antren\u00f6r Ferit \u015een\u2019i alt\u0131nla \u00f6d\u00fcllendirdi.<br \/>\n<br \/>Belediye Ba\u015fkan\u0131 \u015e\u00fckr\u00fc Ba\u015fde\u011firmen, Fatmag\u00fcl \u00c7evik\u2019in Isparta Belediyesi\u2019nin bir sporcusu olarak d\u00fcnyan\u0131n g\u00f6zdesi haline geldi\u011fini dile getirdi. \u00c7evik\u2019in ba\u015far\u0131lar\u0131ndan \u00e7ok mutlu olduklar\u0131n\u0131 belirten Ba\u015fkan Ba\u015fde\u011firmen, \u00c7evik\u2019in gitti\u011fi her \u015fampiyonada madalya ald\u0131\u011f\u0131n\u0131 s\u00f6yledi. Ba\u015fkan Ba\u015fde\u011firmen, &#8220;Alt\u0131n madalya almak T\u00fcrk Bayra\u011f\u0131m\u0131z\u0131 g\u00f6ndere \u00e7ektirmek demektir. Fatmag\u00fcl bunu s\u00fcrekli yapmaya ba\u015flad\u0131 \u015fimdi arkas\u0131ndan da Mustafa Erdo\u011fan geliyor. Mustafa da ba\u015far\u0131lar\u0131n\u0131 artt\u0131rarak devam ettirecek in\u015fallah. Antren\u00f6r\u00fcm\u00fcz bu i\u015fin pe\u015fini b\u0131rakm\u0131yor. Y\u0131llard\u0131r bu i\u015fte en iyi \u015fekilde hizmet ederek Isparta\u2019m\u0131z ve \u00fclkemizin gururu haline geldi. Sporcular\u0131m\u0131z ve hocam\u0131z\u0131 kutluyorum. Mustafa\u2019n\u0131n da Fatmag\u00fcl gibi ba\u015far\u0131lar\u0131n\u0131 en \u00fcst seviyeye ta\u015f\u0131yaca\u011f\u0131na inan\u0131yoruz&#8221; ifadelerinde bulundu.<br \/>\n<br \/>Konu\u015fman\u0131n ard\u0131ndan Belediye Ba\u015fkan\u0131 \u015e\u00fckr\u00fc Ba\u015fde\u011firmen, milli sporcular, antren\u00f6r ve belediye meclis \u00fcyeleri hat\u0131ra foto\u011fraf\u0131 \u00e7ektirdi.<br \/><\/p>\n","protected":false},"excerpt":{"rendered":"<p>Isparta Belediyesi Spor Kul\u00fcb\u00fc sporcusu milli halterci Fatmag\u00fcl \u00c7evik, Arnavutluk\u2019un Durres kentinde 28 Ekim-4 Kas\u0131m 2025 tarihleri aras\u0131nda d\u00fczenlenen Gen\u00e7ler ve 23 Ya\u015f Alt\u0131 Avrupa Halter \u015eampiyonas\u0131\u2019nda \u015fampiyon olurken, yine Isparta Belediyesi Spor Kul\u00fcb\u00fc sporcusu Mustafa Erdo\u011fan Avrupa \u00fc\u00e7\u00fcnc\u00fcl\u00fc\u011f\u00fc elde etti. Isparta Belediye Ba\u015fkan\u0131 \u015e\u00fckr\u00fc Ba\u015fde\u011firmen, milli sporcular Fatmag\u00fcl \u00c7evik ve Mustafa Erdo\u011fan\u2019\u0131 tebrik ederek,&#8230;<\/p>\n","protected":false},"author":1,"featured_media":66475,"comment_status":"open","ping_status":"open","sticky":false,"template":"","format":"standard","meta":{"_crdt_document":"","footnotes":""},"categories":[4],"tags":[],"class_list":["post-66474","post","type-post","status-publish","format-standard","has-post-thumbnail","hentry","category-spor"],"_links":{"self":[{"href":"https:\/\/www.egemtv.com\/index.php?rest_route=\/wp\/v2\/posts\/66474","targetHints":{"allow":["GET"]}}],"collection":[{"href":"https:\/\/www.egemtv.com\/index.php?rest_route=\/wp\/v2\/posts"}],"about":[{"href":"https:\/\/www.egemtv.com\/index.php?rest_route=\/wp\/v2\/types\/post"}],"author":[{"embeddable":true,"href":"https:\/\/www.egemtv.com\/index.php?rest_route=\/wp\/v2\/users\/1"}],"replies":[{"embeddable":true,"href":"https:\/\/www.egemtv.com\/index.php?rest_route=%2Fwp%2Fv2%2Fcomments&post=66474"}],"version-history":[{"count":1,"href":"https:\/\/www.egemtv.com\/index.php?rest_route=\/wp\/v2\/posts\/66474\/revisions"}],"predecessor-version":[{"id":66476,"href":"https:\/\/www.egemtv.com\/index.php?rest_route=\/wp\/v2\/posts\/66474\/revisions\/66476"}],"wp:featuredmedia":[{"embeddable":true,"href":"https:\/\/www.egemtv.com\/index.php?rest_route=\/wp\/v2\/media\/66475"}],"wp:attachment":[{"href":"https:\/\/www.egemtv.com\/index.php?rest_route=%2Fwp%2Fv2%2Fmedia&parent=66474"}],"wp:term":[{"taxonomy":"category","embeddable":true,"href":"https:\/\/www.egemtv.com\/index.php?rest_route=%2Fwp%2Fv2%2Fcategories&post=66474"},{"taxonomy":"post_tag","embeddable":true,"href":"https:\/\/www.egemtv.com\/index.php?rest_route=%2Fwp%2Fv2%2Ftags&post=66474"}],"curies":[{"name":"wp","href":"https:\/\/api.w.org\/{rel}","templated":true}]}}