{"id":66423,"date":"2025-11-07T15:14:50","date_gmt":"2025-11-07T12:14:50","guid":{"rendered":"https:\/\/www.egemtv.com\/?p=66423"},"modified":"2025-11-07T15:14:51","modified_gmt":"2025-11-07T12:14:51","slug":"koycegizde-21-milyon-tllik-yol-yatirimi-devam-ediyor","status":"publish","type":"post","link":"https:\/\/www.egemtv.com\/?p=66423","title":{"rendered":"K\u00f6yce\u011fiz\u2019de 21 Milyon TL\u2019lik yol yat\u0131r\u0131m\u0131 devam ediyor"},"content":{"rendered":"<p>Mu\u011fla B\u00fcy\u00fck\u015fehir Belediyesi ve K\u00f6yce\u011fiz Belediyesi aras\u0131nda imzalanan protokol kapsam\u0131nda K\u00f6yce\u011fiz il\u00e7esinin Beyobas\u0131, Zeytinalan\u0131, P\u0131nar, Uzuncab\u00fck, Yang\u0131 ve Toparlar mahallelerini kapsayan toplam 8 bin metre uzunlu\u011fundaki yolda plentmiks temel serimi tamamland\u0131. B\u00fcy\u00fck\u015fehir Belediyesi ekipleri, sathi kaplama imalat \u00e7al\u0131\u015fmalar\u0131na s\u00fcrd\u00fcr\u00fcyor.<br \/>\n<br \/>B\u00fcy\u00fck\u015fehir Belediyesi Fen \u0130\u015fleri Daire Ba\u015fkanl\u0131\u011f\u0131nda g\u00f6revli Harita Teknikeri Cihan Can \u00e7al\u0131\u015fmalarla ilgili \u015fu bilgileri verdi; &#8220;Mu\u011fla B\u00fcy\u00fck\u015fehir Belediyesi ve K\u00f6yce\u011fiz Belediyesi aras\u0131ndan imzalanan protokolle ba\u015flayan 21 Milyon TL\u2019lik yol \u00e7al\u0131\u015fmam\u0131z devam ediyor. K\u00f6yce\u011fiz il\u00e7esi muhtelif yollarda toplam 8 bin metre uzunlu\u011fundaki yolda plentmiks temel serimi tamamland\u0131 ve birinci kat sathi kaplama imalat\u0131 devam ediyor. Mu\u011fla B\u00fcy\u00fck\u015fehir Belediye Ba\u015fkan\u0131m\u0131z Say\u0131n Ahmet Aras\u2019\u0131n g\u00fcvenli ve konforlu ula\u015f\u0131ma verdi\u011fi \u00f6nem do\u011frultusunda \u00e7al\u0131\u015fmalar\u0131m\u0131z devam edecek&#8221;<br \/>\n<br \/>P\u0131nar Mahalle Muhtar\u0131 \u00d6mer Ali Kanat d\u00fcnyan\u0131n bir\u00e7ok \u015fehrinden ziyaret\u00e7inin geldi\u011fi K\u00f6yce\u011fiz Yuvarlak\u00e7ay b\u00f6lgesinde yap\u0131lan yol \u00e7al\u0131\u015fmas\u0131n\u0131n \u00e7ok k\u0131ymetli oldu\u011funu s\u00f6yledi. Muhtar \u00d6mer Ali Kanat; D\u00fcnyan\u0131n farkl\u0131 b\u00f6lgelerinden ziyaret\u00e7ilerin geldi\u011fi Yuvarlak\u00e7ay b\u00f6lgesindeki yollar\u0131m\u0131z i\u00e7in de talep de bulunduk. B\u00fcy\u00fck\u015fehir Belediye Ba\u015fkan\u0131m\u0131z Say\u0131n Ahmet Aras, bu yollar\u0131n hemen yap\u0131lmas\u0131 gerekti\u011fini s\u00f6yledi ve yol \u00e7al\u0131\u015fmalar\u0131na ba\u015fland\u0131. Bizler b\u00fct\u00fcn kurumlar\u0131m\u0131zla uyum i\u00e7inde \u00e7al\u0131\u015f\u0131yoruz. Birlik ve beraberlik i\u00e7erisinde vatanda\u015flar\u0131m\u0131z i\u00e7in \u00e7ok g\u00fczel hizmetler ortaya \u00e7\u0131k\u0131yor. B\u00fcy\u00fck\u015fehir Belediye Ba\u015fkan\u0131m\u0131za ve destekleri i\u00e7in di\u011fer kurumlara te\u015fekk\u00fcr ediyorum&#8221;<br \/>\n<br \/>Ba\u015fkan Aras: &#8220;Birlikte \u00fcretiyor, birlikte y\u00fckseliyoruz&#8221;<br \/>\n<br \/>K\u0131y\u0131 Ege Belediyeler Birli\u011fi ve Mu\u011fla B\u00fcy\u00fck\u015fehir Belediye Ba\u015fkan\u0131 Ahmet Aras da K\u00f6yce\u011fiz\u2019de y\u00fcr\u00fct\u00fclen \u00e7al\u0131\u015fmalarla ilgili yapt\u0131\u011f\u0131 a\u00e7\u0131klamada yerel y\u00f6netimlerin i\u015f birli\u011fine dikkat \u00e7ekti. &#8220;Mu\u011fla genelinde t\u00fcm il\u00e7elerimizle dayan\u0131\u015fma i\u00e7inde, vatanda\u015flar\u0131m\u0131z\u0131n ya\u015fam kalitesini art\u0131racak projeleri hayata ge\u00e7iriyoruz. K\u00f6yce\u011fiz\u2019de ba\u015flatt\u0131\u011f\u0131m\u0131z 21 milyon TL\u2019lik yol yat\u0131r\u0131m\u0131 da bu anlay\u0131\u015f\u0131n bir sonucu. K\u0131rsaldaki yollar\u0131n yenilenmesi sadece ula\u015f\u0131m\u0131 kolayla\u015ft\u0131rm\u0131yor, ayn\u0131 zamanda tar\u0131msal \u00fcretimi, turizmi ve b\u00f6lge ekonomisini de g\u00fc\u00e7lendiriyor. Bu y\u00fczden \u2018birlikte \u00fcretiyor, birlikte y\u00fckseliyoruz\u2019 anlay\u0131\u015f\u0131yla \u00e7al\u0131\u015fmaya devam edece\u011fiz&#8221;<br \/><\/p>\n","protected":false},"excerpt":{"rendered":"<p>Mu\u011fla B\u00fcy\u00fck\u015fehir Belediyesi ve K\u00f6yce\u011fiz Belediyesi aras\u0131nda imzalanan protokol kapsam\u0131nda K\u00f6yce\u011fiz il\u00e7esinin Beyobas\u0131, Zeytinalan\u0131, P\u0131nar, Uzuncab\u00fck, Yang\u0131 ve Toparlar mahallelerini kapsayan toplam 8 bin metre uzunlu\u011fundaki yolda plentmiks temel serimi tamamland\u0131. B\u00fcy\u00fck\u015fehir Belediyesi ekipleri, sathi kaplama imalat \u00e7al\u0131\u015fmalar\u0131na s\u00fcrd\u00fcr\u00fcyor. B\u00fcy\u00fck\u015fehir Belediyesi Fen \u0130\u015fleri Daire Ba\u015fkanl\u0131\u011f\u0131nda g\u00f6revli Harita Teknikeri Cihan Can \u00e7al\u0131\u015fmalarla ilgili \u015fu bilgileri verdi;&#8230;<\/p>\n","protected":false},"author":1,"featured_media":66424,"comment_status":"open","ping_status":"open","sticky":false,"template":"","format":"standard","meta":{"_crdt_document":"","footnotes":""},"categories":[125],"tags":[],"class_list":["post-66423","post","type-post","status-publish","format-standard","has-post-thumbnail","hentry","category-ekonomi"],"_links":{"self":[{"href":"https:\/\/www.egemtv.com\/index.php?rest_route=\/wp\/v2\/posts\/66423","targetHints":{"allow":["GET"]}}],"collection":[{"href":"https:\/\/www.egemtv.com\/index.php?rest_route=\/wp\/v2\/posts"}],"about":[{"href":"https:\/\/www.egemtv.com\/index.php?rest_route=\/wp\/v2\/types\/post"}],"author":[{"embeddable":true,"href":"https:\/\/www.egemtv.com\/index.php?rest_route=\/wp\/v2\/users\/1"}],"replies":[{"embeddable":true,"href":"https:\/\/www.egemtv.com\/index.php?rest_route=%2Fwp%2Fv2%2Fcomments&post=66423"}],"version-history":[{"count":1,"href":"https:\/\/www.egemtv.com\/index.php?rest_route=\/wp\/v2\/posts\/66423\/revisions"}],"predecessor-version":[{"id":66425,"href":"https:\/\/www.egemtv.com\/index.php?rest_route=\/wp\/v2\/posts\/66423\/revisions\/66425"}],"wp:featuredmedia":[{"embeddable":true,"href":"https:\/\/www.egemtv.com\/index.php?rest_route=\/wp\/v2\/media\/66424"}],"wp:attachment":[{"href":"https:\/\/www.egemtv.com\/index.php?rest_route=%2Fwp%2Fv2%2Fmedia&parent=66423"}],"wp:term":[{"taxonomy":"category","embeddable":true,"href":"https:\/\/www.egemtv.com\/index.php?rest_route=%2Fwp%2Fv2%2Fcategories&post=66423"},{"taxonomy":"post_tag","embeddable":true,"href":"https:\/\/www.egemtv.com\/index.php?rest_route=%2Fwp%2Fv2%2Ftags&post=66423"}],"curies":[{"name":"wp","href":"https:\/\/api.w.org\/{rel}","templated":true}]}}