{"id":66420,"date":"2025-11-07T15:14:50","date_gmt":"2025-11-07T12:14:50","guid":{"rendered":"https:\/\/www.egemtv.com\/?p=66420"},"modified":"2025-11-07T15:14:50","modified_gmt":"2025-11-07T12:14:50","slug":"minik-kizin-baskanlik-vaadi-protokol-uyelerini-harekete-gecirdi","status":"publish","type":"post","link":"https:\/\/www.egemtv.com\/?p=66420","title":{"rendered":"Minik k\u0131z\u0131n ba\u015fkanl\u0131k vaadi protokol \u00fcyelerini harekete ge\u00e7irdi"},"content":{"rendered":"<p>Afyonkarahisar \u0130l Emniyet M\u00fcd\u00fcr\u00fc Ahmet Birtan Erol, 2.\u2019inci s\u0131n\u0131f \u00f6\u011frencisi Defne Savr\u0131k ba\u015fkanl\u0131k se\u00e7imlerinde verdi\u011fi \u2019\u0130l Emniyet M\u00fcd\u00fcr\u00fcn\u00fc davet edip getirece\u011fim\u2019 vaadini ger\u00e7ekle\u015ftirmesine yard\u0131mc\u0131 olup minik k\u0131z\u0131n okulunu ve s\u0131n\u0131f\u0131n\u0131 ziyaret etti.<br \/>\n<br \/>Ahmet \u00d6mer Koca\u015faban \u0130lkokulu 2\/A s\u0131n\u0131f\u0131 \u00f6\u011frencilerinden Defne Savr\u0131k, s\u0131n\u0131f ba\u015fkanl\u0131\u011f\u0131 se\u00e7iminde verdi\u011fi s\u00f6z\u00fc tuttu. Se\u00e7im kampanyas\u0131 \u00e7er\u00e7evesinde &#8220;\u0130l Emniyet M\u00fcd\u00fcr\u00fcm\u00fcz\u00fc okula getirece\u011fim&#8221; diyen minik Defne, arkada\u015flar\u0131n\u0131n deste\u011fiyle ba\u015fkan se\u00e7ildi. \u0130l Emniyet M\u00fcd\u00fcr\u00fc Ahmet Birtan Erol ise Defne\u2019nin se\u00e7im vaadinde ki davetini k\u0131rmayarak okulu ziyaret etti. Minik ba\u015fkan\u0131n bu anlaml\u0131 vaadi hem s\u0131n\u0131f arkada\u015flar\u0131n\u0131 sevindirdi hem de okulda unutulmaz bir g\u00fcn ya\u015fatt\u0131.<br \/>\n<br \/>Erol, beraberindeki Vali Yard\u0131mc\u0131s\u0131 \u0130hsan Ayranc\u0131, \u0130l Milli E\u011fitim M\u00fcd\u00fcr\u00fc Mira\u00e7 S\u00fcnnetci ile birlikte Ahmet \u00d6mer Koca\u015faban \u0130lkokulu\u2019nu ziyaret ederek 2\/A s\u0131n\u0131f\u0131 \u00f6\u011frencileriyle bir araya geldi. S\u0131n\u0131fa girerken \u00f6\u011frencilerin heyecan\u0131 ve mutlulu\u011fu dikkat \u00e7ekti. K\u00fc\u00e7\u00fck \u00f6\u011frencilerle samimi \u015fekilde sohbet eden Erol, onlar\u0131n merak etti\u011fi sorular\u0131 tek tek cevaplad\u0131. G\u00fcvenlik, trafik kurallar\u0131 ve polislik mesle\u011fi \u00fczerine yapt\u0131\u011f\u0131 k\u0131sa ve anla\u015f\u0131l\u0131r a\u00e7\u0131klamalar, \u00f6\u011frencilerin b\u00fcy\u00fck ilgisini \u00e7ekti.<br \/><\/p>\n","protected":false},"excerpt":{"rendered":"<p>Afyonkarahisar \u0130l Emniyet M\u00fcd\u00fcr\u00fc Ahmet Birtan Erol, 2.\u2019inci s\u0131n\u0131f \u00f6\u011frencisi Defne Savr\u0131k ba\u015fkanl\u0131k se\u00e7imlerinde verdi\u011fi \u2019\u0130l Emniyet M\u00fcd\u00fcr\u00fcn\u00fc davet edip getirece\u011fim\u2019 vaadini ger\u00e7ekle\u015ftirmesine yard\u0131mc\u0131 olup minik k\u0131z\u0131n okulunu ve s\u0131n\u0131f\u0131n\u0131 ziyaret etti. Ahmet \u00d6mer Koca\u015faban \u0130lkokulu 2\/A s\u0131n\u0131f\u0131 \u00f6\u011frencilerinden Defne Savr\u0131k, s\u0131n\u0131f ba\u015fkanl\u0131\u011f\u0131 se\u00e7iminde verdi\u011fi s\u00f6z\u00fc tuttu. Se\u00e7im kampanyas\u0131 \u00e7er\u00e7evesinde &#8220;\u0130l Emniyet M\u00fcd\u00fcr\u00fcm\u00fcz\u00fc okula getirece\u011fim&#8221;&#8230;<\/p>\n","protected":false},"author":1,"featured_media":66421,"comment_status":"open","ping_status":"open","sticky":false,"template":"","format":"standard","meta":{"_crdt_document":"","footnotes":""},"categories":[1],"tags":[],"class_list":["post-66420","post","type-post","status-publish","format-standard","has-post-thumbnail","hentry","category-guncel"],"_links":{"self":[{"href":"https:\/\/www.egemtv.com\/index.php?rest_route=\/wp\/v2\/posts\/66420","targetHints":{"allow":["GET"]}}],"collection":[{"href":"https:\/\/www.egemtv.com\/index.php?rest_route=\/wp\/v2\/posts"}],"about":[{"href":"https:\/\/www.egemtv.com\/index.php?rest_route=\/wp\/v2\/types\/post"}],"author":[{"embeddable":true,"href":"https:\/\/www.egemtv.com\/index.php?rest_route=\/wp\/v2\/users\/1"}],"replies":[{"embeddable":true,"href":"https:\/\/www.egemtv.com\/index.php?rest_route=%2Fwp%2Fv2%2Fcomments&post=66420"}],"version-history":[{"count":1,"href":"https:\/\/www.egemtv.com\/index.php?rest_route=\/wp\/v2\/posts\/66420\/revisions"}],"predecessor-version":[{"id":66422,"href":"https:\/\/www.egemtv.com\/index.php?rest_route=\/wp\/v2\/posts\/66420\/revisions\/66422"}],"wp:featuredmedia":[{"embeddable":true,"href":"https:\/\/www.egemtv.com\/index.php?rest_route=\/wp\/v2\/media\/66421"}],"wp:attachment":[{"href":"https:\/\/www.egemtv.com\/index.php?rest_route=%2Fwp%2Fv2%2Fmedia&parent=66420"}],"wp:term":[{"taxonomy":"category","embeddable":true,"href":"https:\/\/www.egemtv.com\/index.php?rest_route=%2Fwp%2Fv2%2Fcategories&post=66420"},{"taxonomy":"post_tag","embeddable":true,"href":"https:\/\/www.egemtv.com\/index.php?rest_route=%2Fwp%2Fv2%2Ftags&post=66420"}],"curies":[{"name":"wp","href":"https:\/\/api.w.org\/{rel}","templated":true}]}}