{"id":66417,"date":"2025-11-07T14:56:04","date_gmt":"2025-11-07T11:56:04","guid":{"rendered":"https:\/\/www.egemtv.com\/?p=66417"},"modified":"2025-11-07T14:56:05","modified_gmt":"2025-11-07T11:56:05","slug":"il-milli-egitim-muduru-caliskandan-ogrencilere-ara-tatil-tavsiyeleri","status":"publish","type":"post","link":"https:\/\/www.egemtv.com\/?p=66417","title":{"rendered":"\u0130l Milli E\u011fitim M\u00fcd\u00fcr\u00fc \u00c7al\u0131\u015fkan\u2019dan \u00f6\u011frencilere ara tatil tavsiyeleri"},"content":{"rendered":"<p>Denizli \u0130l Milli E\u011fitim M\u00fcd\u00fcr\u00fc Emre \u00c7al\u0131\u015fkan, ara tatillerin dinlenmek, \u00f6\u011frenilenlerin peki\u015ftirilmesi ve eksiklerin tamamlanmas\u0131 i\u00e7in g\u00fczel bir f\u0131rsat oldu\u011funu belirtti.<\/p>\n<p>Ara tatilin ba\u015flayacak olmas\u0131 nedeniyle bir mesaj yay\u0131mlayan \u00c7al\u0131\u015fkan, &#8220;2025-2026 e\u011fitim-\u00f6\u011fretim y\u0131l\u0131n\u0131n ilk ara tatiline ba\u015flarken t\u00fcm \u00f6\u011frencilerimize, \u00f6\u011fretmen ve e\u011fitimcilerimize \u00f6ncelikle; kalplerde sevginin, ak\u0131llarda bilginin ve g\u00fcnl\u00fck ak\u0131\u015fta konu tekrarlar\u0131yla okunan kitap sayfalar\u0131n\u0131n \u00e7ok\u00e7a oldu\u011fu g\u00fczel bir hafta diliyorum. Yo\u011fun bir s\u00fcrecin ard\u0131ndan bir haftal\u0131k ara tatiliniz bug\u00fcn ba\u015fl\u0131yor. Ara tatiller; dinlenmek, \u00f6\u011frendiklerinizi peki\u015ftirmek ve okulunuzu \u00f6zlemek i\u00e7in g\u00fczel bir f\u0131rsat. Bir haftal\u0131k molan\u0131z\u0131 ailenizle ve sevdiklerinizle en iyi \u015fekilde ge\u00e7irmenizi diliyor, ayn\u0131 zamanda eksiklerinizi de tamamlayarak verimli bir haftay\u0131 tamamlaman\u0131z\u0131 temenni ediyorum. Sizler dinlenirken, bizler de b\u00fcy\u00fck bir heyecanla sizleri bekliyor olaca\u011f\u0131z&#8221; dedi.<\/p>\n<p>Mesaj\u0131nda \u00f6\u011fretmen meslekta\u015flar\u0131na da seslenen \u00c7al\u0131\u015fkan, &#8220;Yo\u011fun bir \u00e7al\u0131\u015fma d\u00f6neminin ard\u0131ndan ilk ara tatiliniz ba\u015fl\u0131yor. Bu bir haftal\u0131k ara biz e\u011fitimciler i\u00e7in Bakanl\u0131\u011f\u0131m\u0131z\u0131n himayesinde d\u00fczenlenecek seminer \u00e7al\u0131\u015fmalar\u0131yla e\u011fitim s\u00fcrecimizi de\u011ferlendirerek kendimizi g\u00f6rmek i\u00e7in g\u00fczel bir f\u0131rsat. E\u011fitimcilerimiz i\u00e7in \u00e7ok de\u011ferli olan bu ara tatilin \u00e7evrim i\u00e7i mesleki \u00e7al\u0131\u015fmalarla verimli ge\u00e7mesini temenni ediyor, hepinize sayg\u0131lar sunuyorum&#8221; ifadelerini kulland\u0131.<br \/><\/p>\n","protected":false},"excerpt":{"rendered":"<p>Denizli \u0130l Milli E\u011fitim M\u00fcd\u00fcr\u00fc Emre \u00c7al\u0131\u015fkan, ara tatillerin dinlenmek, \u00f6\u011frenilenlerin peki\u015ftirilmesi ve eksiklerin tamamlanmas\u0131 i\u00e7in g\u00fczel bir f\u0131rsat oldu\u011funu belirtti. Ara tatilin ba\u015flayacak olmas\u0131 nedeniyle bir mesaj yay\u0131mlayan \u00c7al\u0131\u015fkan, &#8220;2025-2026 e\u011fitim-\u00f6\u011fretim y\u0131l\u0131n\u0131n ilk ara tatiline ba\u015flarken t\u00fcm \u00f6\u011frencilerimize, \u00f6\u011fretmen ve e\u011fitimcilerimize \u00f6ncelikle; kalplerde sevginin, ak\u0131llarda bilginin ve g\u00fcnl\u00fck ak\u0131\u015fta konu tekrarlar\u0131yla okunan kitap sayfalar\u0131n\u0131n&#8230;<\/p>\n","protected":false},"author":1,"featured_media":66418,"comment_status":"open","ping_status":"open","sticky":false,"template":"","format":"standard","meta":{"_crdt_document":"","footnotes":""},"categories":[1],"tags":[],"class_list":["post-66417","post","type-post","status-publish","format-standard","has-post-thumbnail","hentry","category-guncel"],"_links":{"self":[{"href":"https:\/\/www.egemtv.com\/index.php?rest_route=\/wp\/v2\/posts\/66417","targetHints":{"allow":["GET"]}}],"collection":[{"href":"https:\/\/www.egemtv.com\/index.php?rest_route=\/wp\/v2\/posts"}],"about":[{"href":"https:\/\/www.egemtv.com\/index.php?rest_route=\/wp\/v2\/types\/post"}],"author":[{"embeddable":true,"href":"https:\/\/www.egemtv.com\/index.php?rest_route=\/wp\/v2\/users\/1"}],"replies":[{"embeddable":true,"href":"https:\/\/www.egemtv.com\/index.php?rest_route=%2Fwp%2Fv2%2Fcomments&post=66417"}],"version-history":[{"count":1,"href":"https:\/\/www.egemtv.com\/index.php?rest_route=\/wp\/v2\/posts\/66417\/revisions"}],"predecessor-version":[{"id":66419,"href":"https:\/\/www.egemtv.com\/index.php?rest_route=\/wp\/v2\/posts\/66417\/revisions\/66419"}],"wp:featuredmedia":[{"embeddable":true,"href":"https:\/\/www.egemtv.com\/index.php?rest_route=\/wp\/v2\/media\/66418"}],"wp:attachment":[{"href":"https:\/\/www.egemtv.com\/index.php?rest_route=%2Fwp%2Fv2%2Fmedia&parent=66417"}],"wp:term":[{"taxonomy":"category","embeddable":true,"href":"https:\/\/www.egemtv.com\/index.php?rest_route=%2Fwp%2Fv2%2Fcategories&post=66417"},{"taxonomy":"post_tag","embeddable":true,"href":"https:\/\/www.egemtv.com\/index.php?rest_route=%2Fwp%2Fv2%2Ftags&post=66417"}],"curies":[{"name":"wp","href":"https:\/\/api.w.org\/{rel}","templated":true}]}}