{"id":66414,"date":"2025-11-07T14:56:03","date_gmt":"2025-11-07T11:56:03","guid":{"rendered":"https:\/\/www.egemtv.com\/?p=66414"},"modified":"2025-11-07T14:56:04","modified_gmt":"2025-11-07T11:56:04","slug":"ogrencilere-surdurulebilir-gelecek-dersi-verildi","status":"publish","type":"post","link":"https:\/\/www.egemtv.com\/?p=66414","title":{"rendered":"\u00d6\u011frencilere s\u00fcrd\u00fcr\u00fclebilir gelecek dersi verildi"},"content":{"rendered":"<p>Ayd\u0131n\u2019\u0131n S\u00f6ke il\u00e7esinde \u00f6\u011frenciler ile bir araya gelen il tar\u0131m ekipleri, deniz \u00e7\u00f6plerinden istilac\u0131 t\u00fcrlere kadar \u00e7evreyi tehdit eden unsurlar hakk\u0131nda \u00f6\u011frencileri bilgilendirdi.<\/p>\n<p>Ayd\u0131n \u0130l Tar\u0131m ve Orman M\u00fcd\u00fcrl\u00fc\u011f\u00fc, \u00f6\u011frencilerde \u00e7evre bilinci ve s\u00fcrd\u00fcr\u00fclebilir \u00fcretim fark\u0131ndal\u0131\u011f\u0131n\u0131 art\u0131rmak amac\u0131yla e\u011fitim \u00e7al\u0131\u015fmalar\u0131n\u0131 s\u00fcrd\u00fcr\u00fcyor. Su \u00dcr\u00fcnleri \u015eube M\u00fcd\u00fcrl\u00fc\u011f\u00fc ile K\u0131rsal Kalk\u0131nma ve \u00d6rg\u00fctlenme \u015eube M\u00fcd\u00fcrl\u00fc\u011f\u00fc personeli taraf\u0131ndan S\u00f6ke\u2019nin Ba\u011faras\u0131 Mahallesi\u2019ndeki H\u00fcrriyet \u0130lk\u00f6\u011fretim Okulu ile Ba\u011faras\u0131 \u00c7ok Programl\u0131 Anadolu Lisesi\u2019nde e\u011fitim programlar\u0131 d\u00fczenlendi. Ger\u00e7ekle\u015ftirilen e\u011fitimlerde Kooperatif\u00e7ilik, Sucul \u0130stilac\u0131 T\u00fcrler, Deniz \u00c7\u00f6pleri ve Hayalet Av Ara\u00e7lar\u0131 konular\u0131nda \u00f6\u011frencilere bilgiler verildi. Programda, kooperatif\u00e7ili\u011fin k\u0131rsal kalk\u0131nmadaki \u00f6nemi, deniz ekosistemini tehdit eden istilac\u0131 t\u00fcrlerin zararlar\u0131, deniz \u00e7\u00f6plerinin \u00e7evreye etkisi ve terk edilmi\u015f bal\u0131k\u00e7\u0131l\u0131k ekipmanlar\u0131n\u0131n olu\u015fturdu\u011fu tehlikeler hakk\u0131nda fark\u0131ndal\u0131k olu\u015fturuldu.<\/p>\n<p>\u00c7evre bilincinin k\u00fc\u00e7\u00fck ya\u015flardan itibaren kazand\u0131r\u0131lmas\u0131n\u0131n gelece\u011fin daha temiz ve s\u00fcrd\u00fcr\u00fclebilir bir d\u00fcnyas\u0131 i\u00e7in b\u00fcy\u00fck \u00f6nem ta\u015f\u0131d\u0131\u011f\u0131n\u0131 vurgulayan Ayd\u0131n \u0130l Tar\u0131m ve Orman M\u00fcd\u00fcrl\u00fc\u011f\u00fc\u2019nden yap\u0131lan a\u00e7\u0131klamada &#8220;\u0130l Tar\u0131m ve Orman M\u00fcd\u00fcrl\u00fc\u011f\u00fc personelince Ba\u011faras\u0131 Mahallesi H\u00fcrriyet \u0130lkokulu ve Ba\u011faras\u0131 \u00c7ok Programl\u0131 Anadolu Lisesi\u2019nde Kooperatif\u00e7ilik, Sucul \u0130stilac\u0131 T\u00fcrler, Deniz \u00c7\u00f6pleri ve Hayalet av ara\u00e7lar\u0131 konular\u0131nda e\u011fitim ger\u00e7ekle\u015ftirildi&#8221; ifadeleri yer ald\u0131.<br \/><\/p>\n","protected":false},"excerpt":{"rendered":"<p>Ayd\u0131n\u2019\u0131n S\u00f6ke il\u00e7esinde \u00f6\u011frenciler ile bir araya gelen il tar\u0131m ekipleri, deniz \u00e7\u00f6plerinden istilac\u0131 t\u00fcrlere kadar \u00e7evreyi tehdit eden unsurlar hakk\u0131nda \u00f6\u011frencileri bilgilendirdi. Ayd\u0131n \u0130l Tar\u0131m ve Orman M\u00fcd\u00fcrl\u00fc\u011f\u00fc, \u00f6\u011frencilerde \u00e7evre bilinci ve s\u00fcrd\u00fcr\u00fclebilir \u00fcretim fark\u0131ndal\u0131\u011f\u0131n\u0131 art\u0131rmak amac\u0131yla e\u011fitim \u00e7al\u0131\u015fmalar\u0131n\u0131 s\u00fcrd\u00fcr\u00fcyor. Su \u00dcr\u00fcnleri \u015eube M\u00fcd\u00fcrl\u00fc\u011f\u00fc ile K\u0131rsal Kalk\u0131nma ve \u00d6rg\u00fctlenme \u015eube M\u00fcd\u00fcrl\u00fc\u011f\u00fc personeli taraf\u0131ndan S\u00f6ke\u2019nin&#8230;<\/p>\n","protected":false},"author":1,"featured_media":66415,"comment_status":"open","ping_status":"open","sticky":false,"template":"","format":"standard","meta":{"_crdt_document":"","footnotes":""},"categories":[1],"tags":[],"class_list":["post-66414","post","type-post","status-publish","format-standard","has-post-thumbnail","hentry","category-guncel"],"_links":{"self":[{"href":"https:\/\/www.egemtv.com\/index.php?rest_route=\/wp\/v2\/posts\/66414","targetHints":{"allow":["GET"]}}],"collection":[{"href":"https:\/\/www.egemtv.com\/index.php?rest_route=\/wp\/v2\/posts"}],"about":[{"href":"https:\/\/www.egemtv.com\/index.php?rest_route=\/wp\/v2\/types\/post"}],"author":[{"embeddable":true,"href":"https:\/\/www.egemtv.com\/index.php?rest_route=\/wp\/v2\/users\/1"}],"replies":[{"embeddable":true,"href":"https:\/\/www.egemtv.com\/index.php?rest_route=%2Fwp%2Fv2%2Fcomments&post=66414"}],"version-history":[{"count":1,"href":"https:\/\/www.egemtv.com\/index.php?rest_route=\/wp\/v2\/posts\/66414\/revisions"}],"predecessor-version":[{"id":66416,"href":"https:\/\/www.egemtv.com\/index.php?rest_route=\/wp\/v2\/posts\/66414\/revisions\/66416"}],"wp:featuredmedia":[{"embeddable":true,"href":"https:\/\/www.egemtv.com\/index.php?rest_route=\/wp\/v2\/media\/66415"}],"wp:attachment":[{"href":"https:\/\/www.egemtv.com\/index.php?rest_route=%2Fwp%2Fv2%2Fmedia&parent=66414"}],"wp:term":[{"taxonomy":"category","embeddable":true,"href":"https:\/\/www.egemtv.com\/index.php?rest_route=%2Fwp%2Fv2%2Fcategories&post=66414"},{"taxonomy":"post_tag","embeddable":true,"href":"https:\/\/www.egemtv.com\/index.php?rest_route=%2Fwp%2Fv2%2Ftags&post=66414"}],"curies":[{"name":"wp","href":"https:\/\/api.w.org\/{rel}","templated":true}]}}