{"id":66411,"date":"2025-11-07T14:56:01","date_gmt":"2025-11-07T11:56:01","guid":{"rendered":"https:\/\/www.egemtv.com\/?p=66411"},"modified":"2025-11-07T14:56:02","modified_gmt":"2025-11-07T11:56:02","slug":"marmaris-orhaniye-mahallesinde-kanserle-mucadele-eden-cift-yikim-karariyla-sarsildi","status":"publish","type":"post","link":"https:\/\/www.egemtv.com\/?p=66411","title":{"rendered":"Marmaris Orhaniye Mahallesi\u2019nde kanserle m\u00fccadele eden \u00e7ift y\u0131k\u0131m karar\u0131yla sars\u0131ld\u0131"},"content":{"rendered":"<p>Mu\u011fla\u2019n\u0131n g\u00f6zde turistik il\u00e7elerinden Marmaris\u2019te imara ayk\u0131r\u0131 yap\u0131larla ilgili y\u0131k\u0131m kararlar\u0131 uygulanmaya devam ederken Orhaniye Mahallesi\u2019nde kanserle m\u00fccadele eden bir \u00e7iftin ya\u015fad\u0131\u011f\u0131 dram dikkat \u00e7ekti. Sekiz y\u0131l \u00f6nce sat\u0131n ald\u0131klar\u0131 arsaya ikinci el prefabrik par\u00e7alarla ev yapan Fikriye-Sedat \u00d6zkan, \u015fimdi y\u0131k\u0131m karar\u0131yla kar\u015f\u0131 kar\u015f\u0131ya olduklar\u0131n\u0131 belirttiler.<br \/>\n<br \/>D\u00f6rt y\u0131ld\u0131r amans\u0131z hastal\u0131k ile m\u00fccadele eden her g\u00fcn onlarca ila\u00e7 i\u00e7ip, kanser tedavisi s\u00fcrecinin bulundu\u011fu ortamla yak\u0131ndan ilgili oldu\u011funu s\u00f6yleyen 65 ya\u015f\u0131ndaki Fikriye \u00d6zkan, &#8220;\u0130stanbul\u2019daki doktorumuz \u2018Nerede ya\u015f\u0131yorsan\u0131z o \u015fekilde devam edin, sa\u011fl\u0131\u011f\u0131n\u0131za iyi geliyor\u2019 dedi. Sekiz ayd\u0131r buraday\u0131z, oturdu\u011fumuz prefabrik ev y\u0131k\u0131l\u0131r ve buradan gidersek ya\u015fayamay\u0131z&#8221; ifadelerini kulland\u0131.<br \/>\n<br \/>65 ya\u015f\u0131ndaki Fikriye \u00d6zkan, y\u0131k\u0131m karar\u0131n\u0131 ald\u0131ktan sonra Marmaris Belediye Ba\u015fkan\u0131 Acar \u00dcnl\u00fc ile g\u00f6r\u00fc\u015ft\u00fc\u011f\u00fcn\u00fc belirterek, &#8220;Kanun neyi gerektiriyorsa onu yapmak zorunday\u0131m, senin evinle ilgili i\u015flem yapmazsam benim hakk\u0131mda soru\u015fturma a\u00e7\u0131l\u0131r&#8221; yan\u0131t\u0131n\u0131 ald\u0131\u011f\u0131n\u0131 s\u00f6yledi.<\/p>\n<p>&#8220;Bizim gidecek hi\u00e7bir yerimiz yok&#8221;<br \/>\n<br \/>G\u00f6zya\u015flar\u0131 i\u00e7inde ya\u015fad\u0131klar\u0131n\u0131 anlatan Fikriye \u00d6zkan, &#8220;Devletimize s\u0131\u011f\u0131nd\u0131k, kaymakam\u0131m\u0131za gittik. Kaymakam\u0131m\u0131z valimizle g\u00f6r\u00fc\u015fm\u00fc\u015f ama yap\u0131lacak bir \u015fey olmad\u0131\u011f\u0131n\u0131 s\u00f6ylemi\u015fler. Bizim gidecek hi\u00e7bir yerimiz yok&#8221; diyerek yetkililerden yard\u0131m istedi.<\/p>\n<p>&#8220;Elektrik ba\u011fland\u0131, su ba\u011fland\u0131, vergi \u00f6d\u00fcyoruz ama ka\u00e7ak deniliyor&#8221;<br \/>\n<br \/>Bir yandan yakaland\u0131\u011f\u0131 cilt kanseri ve beynindeki \u00f6demle m\u00fccadele edip di\u011fer yandan kanser hastas\u0131 e\u015finin tedavisi ile ilgilendi\u011fini kaydeden 67 ya\u015f\u0131ndaki Sedat \u00d6zkan ise &#8220;2018\u2019de buray\u0131 su basman seviyesinde yapt\u0131rd\u0131k, sonra ikinci el prefabrik par\u00e7alarla evi tamamlad\u0131k. Belediye bize adres kay\u0131t belgesi verdi, elektrik ba\u011fland\u0131, su ba\u011fland\u0131. Emlak vergisi ve \u00e7\u00f6p vergisi \u00f6d\u00fcyoruz. Ama \u015fimdi \u2019ka\u00e7ak\u2019 denilerek y\u0131k\u0131mla kar\u015f\u0131 kar\u015f\u0131yay\u0131z&#8221; ifadelerini kulland\u0131.<\/p>\n<p>&#8220;2018\u2019den sonra yap\u0131ld\u0131\u011f\u0131 i\u00e7in belgelerimiz iptal edildi&#8221;<br \/>\n<br \/>Marmaris Orhaniye k\u00f6y\u00fcne tatil i\u00e7in de\u011fil tedavileri gere\u011fi geldiklerini belirten \u00d6zkan \u00c7ifti, &#8220;Bu mahallede on evden sekizi ka\u00e7ak. Biz 2018\u2019de yap\u0131 kay\u0131t i\u00e7in ba\u015fvurduk. E\u015fim beyin kanamas\u0131 ge\u00e7irdi\u011fi i\u00e7in kom\u015fular\u0131m\u0131z ba\u015fvurdu. Ama yap\u0131 2018\u2019den sonra yap\u0131ld\u0131\u011f\u0131 i\u00e7in belgelerimiz iptal edildi ve y\u0131k\u0131m karar\u0131 \u00e7\u0131kt\u0131. \u015eimdi \u00e7aresiz bir \u015fekilde bekliyoruz&#8221; \u015feklinde anlatt\u0131.<br \/>\n<br \/>Mahalle sakinlerinden ve \u00d6zkan \u00e7iftinin kom\u015fular\u0131ndan olan Serdar Co\u015fkun, 2017\u2019de prefabrik ev i\u00e7in anla\u015ft\u0131\u011f\u0131 firma taraf\u0131ndan doland\u0131r\u0131ld\u0131\u011f\u0131n\u0131 belirterek, &#8220;Doland\u0131r\u0131lmasayd\u0131m 2017\u2019de evimi yapacak ve yap\u0131 kay\u0131t belgesini alacakt\u0131m. Param gidince ancak 2018\u2019de yapt\u0131rabildim. Hem doland\u0131r\u0131ld\u0131m hem de y\u0131k\u0131mla kar\u015f\u0131 kar\u015f\u0131yay\u0131m. Bunun su\u00e7lusu ben miyim hem param gitti hem de emeklerimle yapt\u0131\u011f\u0131m iki g\u00f6z prefabrik evim gidecek \u2018 dedi. 65 ya\u015f\u0131ndaki emekli Serdar Co\u015fkun devlet yetkililerinden destek beklediklerini ifade etti.<br \/>\n<br \/>Orhaniye mahallesinde ya\u015fayan Aysun At\u0131c\u0131 ise belediyeye \u00e7a\u011fr\u0131da bulunarak, &#8220;Belediye ba\u015fkan\u0131na sesleniyoruz, l\u00fctfen fakirlerin, garibanlar\u0131n evleri y\u0131k\u0131lmas\u0131n&#8221; ifadelerini kulland\u0131.<\/p>\n<p>&#8220;\u00d6n\u00fcm\u00fcz k\u0131\u015f, ya\u015fl\u0131s\u0131 var hastas\u0131 var y\u0131k\u0131m ertelensin&#8221;<br \/>\n<br \/>Mahalle sakini Ali Fuat Ersoy da k\u0131\u015f \u015fartlar\u0131na dikkat \u00e7ekerek, &#8220;\u00c7ocuklar\u0131 okula gidenler var, evinde ya\u015fl\u0131 ve hastas\u0131 olanlar var. \u0130nsaniyet nam\u0131na bu y\u0131k\u0131mlar\u0131n ertelenmesini istiyoruz&#8221; dedi.<br \/>\n<br \/>Ayr\u0131ca Orhaniye mahallesinde ya\u015fayan baz\u0131 mahalle sakinleri k\u00f6yde \u00e7ok say\u0131da bungalov ve villa olmas\u0131na ra\u011fmen bu konutlara bir \u015fey yap\u0131lmad\u0131\u011f\u0131n\u0131 sadece dar gelirli vatanda\u015flar\u0131n evlerin y\u0131k\u0131laca\u011f\u0131n\u0131 ileri s\u00fcrd\u00fcler.<br \/><\/p>\n","protected":false},"excerpt":{"rendered":"<p>Mu\u011fla\u2019n\u0131n g\u00f6zde turistik il\u00e7elerinden Marmaris\u2019te imara ayk\u0131r\u0131 yap\u0131larla ilgili y\u0131k\u0131m kararlar\u0131 uygulanmaya devam ederken Orhaniye Mahallesi\u2019nde kanserle m\u00fccadele eden bir \u00e7iftin ya\u015fad\u0131\u011f\u0131 dram dikkat \u00e7ekti. Sekiz y\u0131l \u00f6nce sat\u0131n ald\u0131klar\u0131 arsaya ikinci el prefabrik par\u00e7alarla ev yapan Fikriye-Sedat \u00d6zkan, \u015fimdi y\u0131k\u0131m karar\u0131yla kar\u015f\u0131 kar\u015f\u0131ya olduklar\u0131n\u0131 belirttiler. D\u00f6rt y\u0131ld\u0131r amans\u0131z hastal\u0131k ile m\u00fccadele eden her g\u00fcn&#8230;<\/p>\n","protected":false},"author":1,"featured_media":66412,"comment_status":"open","ping_status":"open","sticky":false,"template":"","format":"standard","meta":{"_crdt_document":"","footnotes":""},"categories":[1],"tags":[],"class_list":["post-66411","post","type-post","status-publish","format-standard","has-post-thumbnail","hentry","category-guncel"],"_links":{"self":[{"href":"https:\/\/www.egemtv.com\/index.php?rest_route=\/wp\/v2\/posts\/66411","targetHints":{"allow":["GET"]}}],"collection":[{"href":"https:\/\/www.egemtv.com\/index.php?rest_route=\/wp\/v2\/posts"}],"about":[{"href":"https:\/\/www.egemtv.com\/index.php?rest_route=\/wp\/v2\/types\/post"}],"author":[{"embeddable":true,"href":"https:\/\/www.egemtv.com\/index.php?rest_route=\/wp\/v2\/users\/1"}],"replies":[{"embeddable":true,"href":"https:\/\/www.egemtv.com\/index.php?rest_route=%2Fwp%2Fv2%2Fcomments&post=66411"}],"version-history":[{"count":1,"href":"https:\/\/www.egemtv.com\/index.php?rest_route=\/wp\/v2\/posts\/66411\/revisions"}],"predecessor-version":[{"id":66413,"href":"https:\/\/www.egemtv.com\/index.php?rest_route=\/wp\/v2\/posts\/66411\/revisions\/66413"}],"wp:featuredmedia":[{"embeddable":true,"href":"https:\/\/www.egemtv.com\/index.php?rest_route=\/wp\/v2\/media\/66412"}],"wp:attachment":[{"href":"https:\/\/www.egemtv.com\/index.php?rest_route=%2Fwp%2Fv2%2Fmedia&parent=66411"}],"wp:term":[{"taxonomy":"category","embeddable":true,"href":"https:\/\/www.egemtv.com\/index.php?rest_route=%2Fwp%2Fv2%2Fcategories&post=66411"},{"taxonomy":"post_tag","embeddable":true,"href":"https:\/\/www.egemtv.com\/index.php?rest_route=%2Fwp%2Fv2%2Ftags&post=66411"}],"curies":[{"name":"wp","href":"https:\/\/api.w.org\/{rel}","templated":true}]}}