{"id":66366,"date":"2025-11-07T13:15:16","date_gmt":"2025-11-07T10:15:16","guid":{"rendered":"https:\/\/www.egemtv.com\/?p=66366"},"modified":"2025-11-07T13:15:17","modified_gmt":"2025-11-07T10:15:17","slug":"baskan-kumral-cocuklarimiz-icin-okullarimiza-destegimizi-surduruyoruz","status":"publish","type":"post","link":"https:\/\/www.egemtv.com\/?p=66366","title":{"rendered":"Ba\u015fkan Kumral; &#8220;\u00c7ocuklar\u0131m\u0131z i\u00e7in okullar\u0131m\u0131za deste\u011fimizi s\u00fcrd\u00fcr\u00fcyoruz&#8221;"},"content":{"rendered":"<p>Babada\u011f Belediyesi il\u00e7ede bulunan okullar\u0131n ihtiya\u00e7lar\u0131n\u0131 aral\u0131ks\u0131z s\u00fcrd\u00fcr\u00fcyor. Gece g\u00fcnd\u00fcz \u00e7al\u0131\u015fmalar\u0131 devam ettiklerini belirten Babada\u011f Belediye Ba\u015fkan\u0131 Murat Kumral, &#8220;\u00c7ocuklar\u0131m\u0131z\u0131n daha iyi \u015fartlarda e\u011fitim alabilmesi i\u00e7in okullar\u0131m\u0131za deste\u011fimizi s\u00fcrd\u00fcr\u00fcyoruz&#8221; dedi.<br \/>\n<br \/>Denizli\u2019nin Babada\u011f il\u00e7esinde Babada\u011f Belediyesi il\u00e7ede bulunan okullar\u0131n ihtiya\u00e7lar\u0131n\u0131 titizlikle takip ediyor. Babada\u011f Belediyesi, \u00e7ocuklar\u0131n daha iyi \u015fartlarda e\u011fitim alabilmesi i\u00e7in okullardaki desteklerini aral\u0131ks\u0131z s\u00fcrd\u00fcr\u00fcyor.<br \/>\n<br \/>\u00c7al\u0131\u015fmalar\u0131 gece g\u00fcnd\u00fcz devam ettiklerini belirten Babada\u011f Belediye Ba\u015fkan\u0131 Murat Kumral, &#8220;Babada\u011f\u2019\u0131m\u0131zda hem\u015fehrilerimizin ve okullar\u0131m\u0131z\u0131n ihtiya\u00e7lar\u0131n\u0131 titizlikle takip ediyoruz. Vatanda\u015flar\u0131m\u0131z\u0131n taleplerini yerinde dinliyor, en uygun \u00e7\u00f6z\u00fcmleri en k\u0131sa s\u00fcrede hayata ge\u00e7iriyoruz. \u00c7ocuklar\u0131m\u0131z\u0131n daha iyi \u015fartlarda e\u011fitim alabilmesi i\u00e7in okullar\u0131m\u0131za deste\u011fimizi s\u00fcrd\u00fcr\u00fcyoruz&#8221; dedi.<br \/><\/p>\n","protected":false},"excerpt":{"rendered":"<p>Babada\u011f Belediyesi il\u00e7ede bulunan okullar\u0131n ihtiya\u00e7lar\u0131n\u0131 aral\u0131ks\u0131z s\u00fcrd\u00fcr\u00fcyor. Gece g\u00fcnd\u00fcz \u00e7al\u0131\u015fmalar\u0131 devam ettiklerini belirten Babada\u011f Belediye Ba\u015fkan\u0131 Murat Kumral, &#8220;\u00c7ocuklar\u0131m\u0131z\u0131n daha iyi \u015fartlarda e\u011fitim alabilmesi i\u00e7in okullar\u0131m\u0131za deste\u011fimizi s\u00fcrd\u00fcr\u00fcyoruz&#8221; dedi. Denizli\u2019nin Babada\u011f il\u00e7esinde Babada\u011f Belediyesi il\u00e7ede bulunan okullar\u0131n ihtiya\u00e7lar\u0131n\u0131 titizlikle takip ediyor. Babada\u011f Belediyesi, \u00e7ocuklar\u0131n daha iyi \u015fartlarda e\u011fitim alabilmesi i\u00e7in okullardaki desteklerini aral\u0131ks\u0131z s\u00fcrd\u00fcr\u00fcyor&#8230;.<\/p>\n","protected":false},"author":1,"featured_media":66367,"comment_status":"open","ping_status":"open","sticky":false,"template":"","format":"standard","meta":{"_crdt_document":"","footnotes":""},"categories":[1],"tags":[],"class_list":["post-66366","post","type-post","status-publish","format-standard","has-post-thumbnail","hentry","category-guncel"],"_links":{"self":[{"href":"https:\/\/www.egemtv.com\/index.php?rest_route=\/wp\/v2\/posts\/66366","targetHints":{"allow":["GET"]}}],"collection":[{"href":"https:\/\/www.egemtv.com\/index.php?rest_route=\/wp\/v2\/posts"}],"about":[{"href":"https:\/\/www.egemtv.com\/index.php?rest_route=\/wp\/v2\/types\/post"}],"author":[{"embeddable":true,"href":"https:\/\/www.egemtv.com\/index.php?rest_route=\/wp\/v2\/users\/1"}],"replies":[{"embeddable":true,"href":"https:\/\/www.egemtv.com\/index.php?rest_route=%2Fwp%2Fv2%2Fcomments&post=66366"}],"version-history":[{"count":1,"href":"https:\/\/www.egemtv.com\/index.php?rest_route=\/wp\/v2\/posts\/66366\/revisions"}],"predecessor-version":[{"id":66368,"href":"https:\/\/www.egemtv.com\/index.php?rest_route=\/wp\/v2\/posts\/66366\/revisions\/66368"}],"wp:featuredmedia":[{"embeddable":true,"href":"https:\/\/www.egemtv.com\/index.php?rest_route=\/wp\/v2\/media\/66367"}],"wp:attachment":[{"href":"https:\/\/www.egemtv.com\/index.php?rest_route=%2Fwp%2Fv2%2Fmedia&parent=66366"}],"wp:term":[{"taxonomy":"category","embeddable":true,"href":"https:\/\/www.egemtv.com\/index.php?rest_route=%2Fwp%2Fv2%2Fcategories&post=66366"},{"taxonomy":"post_tag","embeddable":true,"href":"https:\/\/www.egemtv.com\/index.php?rest_route=%2Fwp%2Fv2%2Ftags&post=66366"}],"curies":[{"name":"wp","href":"https:\/\/api.w.org\/{rel}","templated":true}]}}