{"id":66363,"date":"2025-11-07T12:54:48","date_gmt":"2025-11-07T09:54:48","guid":{"rendered":"https:\/\/www.egemtv.com\/?p=66363"},"modified":"2025-11-07T12:54:49","modified_gmt":"2025-11-07T09:54:49","slug":"saraclar-operasyonunda-23-supheli-adliyede","status":"publish","type":"post","link":"https:\/\/www.egemtv.com\/?p=66363","title":{"rendered":"\u2019Sara\u00e7lar\u2019 operasyonunda 23 \u015f\u00fcpheli adliyede"},"content":{"rendered":"<p>\u0130zmir\u2019de \u2019Sara\u00e7lar\u2019 su\u00e7 \u00f6rg\u00fct\u00fcne y\u00f6nelik operasyonda g\u00f6zalt\u0131na al\u0131nan 2\u2019si kamu g\u00f6revlisi 23 \u015f\u00fcpheli, jandarmadaki i\u015flemlerinin ard\u0131ndan adliyeye sevk edildi.<br \/>\n<br \/>\u0130zmir Cumhuriyet Ba\u015fsavc\u0131l\u0131\u011f\u0131 koordinesinde; Jandarma Genel Komutanl\u0131\u011f\u0131 KOM Daire Ba\u015fkanl\u0131\u011f\u0131, Mill\u00ee \u0130stihbarat Te\u015fkilat\u0131 Ba\u015fkanl\u0131\u011f\u0131 ve \u0130zmir \u0130l Jandarma Komutanl\u0131\u011f\u0131 ekiplerince y\u00fcr\u00fct\u00fclen ortak \u00e7al\u0131\u015fmalar sonucunda, \u2019Sara\u00e7lar\u2019 su\u00e7 \u00f6rg\u00fct\u00fcne y\u00f6nelik \u0130zmir merkezli geni\u015f \u00e7apl\u0131 bir operasyon d\u00fczenlendi. Operasyonda 2\u2019si kamu personeli 23 \u015f\u00fcpheli g\u00f6zalt\u0131na al\u0131nd\u0131.<\/p>\n<p>1 milyar 800 milyon para hareketi<br \/>\n<br \/>Torbal\u0131, Kemalpa\u015fa, Bornova, Karaba\u011flar, G\u00fczelbah\u00e7e ve Fo\u00e7a il\u00e7elerinde e\u015f zamanl\u0131 ger\u00e7ekle\u015ftirilen operasyonlarda \u00f6rg\u00fct \u00fcyeleri ve ba\u011flant\u0131l\u0131 ki\u015filerin \u2019ya\u011fma\u2019, \u2019r\u00fc\u015fvet\u2019, \u2019uyu\u015fturucu madde ticareti\u2019, \u2019nitelikli doland\u0131r\u0131c\u0131l\u0131k\u2019, \u2019resmi belgede sahtecilik\u2019 ve \u2019su\u00e7tan kaynaklanan mal varl\u0131\u011f\u0131 de\u011ferlerini aklama\u2019 su\u00e7lar\u0131na kar\u0131\u015ft\u0131klar\u0131 tespit edildi. Mali Su\u00e7lar\u0131 Ara\u015ft\u0131rma Kurulu (MASAK) verilerine g\u00f6re \u015f\u00fcphelilere ait hesaplarda yakla\u015f\u0131k 1 milyar 800 milyon TL tutar\u0131nda para hareketi tespit edildi. Su\u00e7tan elde edildi\u011fi de\u011ferlendirilen 200 milyon TL de\u011ferindeki ta\u015f\u0131n\u0131r ve ta\u015f\u0131nmaz mal varl\u0131\u011f\u0131na el konulmas\u0131 i\u00e7in i\u015flem ba\u015flat\u0131ld\u0131. \u015e\u00fcphelilerin adreslerinde yap\u0131lan aramalarda da bir miktar esrar, 3 \u00e7ek, 1 milyon TL de\u011ferinde 1 adet senet, 98 adet uyu\u015fturucu hap ve 34 adet kurus\u0131k\u0131 fi\u015fek ele ge\u00e7irildi.<\/p>\n<p>23 \u015f\u00fcpheli adliyede<br \/>\n<br \/>Operasyon kapsam\u0131nda g\u00f6zalt\u0131na al\u0131nan \u015f\u00fcphelilerin jandarmadaki i\u015flemleri tamamland\u0131. 2\u2019si kamu g\u00f6revlisi 23 \u015f\u00fcpheli adliyeye sevk edildi.<br \/><\/p>\n","protected":false},"excerpt":{"rendered":"<p>\u0130zmir\u2019de \u2019Sara\u00e7lar\u2019 su\u00e7 \u00f6rg\u00fct\u00fcne y\u00f6nelik operasyonda g\u00f6zalt\u0131na al\u0131nan 2\u2019si kamu g\u00f6revlisi 23 \u015f\u00fcpheli, jandarmadaki i\u015flemlerinin ard\u0131ndan adliyeye sevk edildi. \u0130zmir Cumhuriyet Ba\u015fsavc\u0131l\u0131\u011f\u0131 koordinesinde; Jandarma Genel Komutanl\u0131\u011f\u0131 KOM Daire Ba\u015fkanl\u0131\u011f\u0131, Mill\u00ee \u0130stihbarat Te\u015fkilat\u0131 Ba\u015fkanl\u0131\u011f\u0131 ve \u0130zmir \u0130l Jandarma Komutanl\u0131\u011f\u0131 ekiplerince y\u00fcr\u00fct\u00fclen ortak \u00e7al\u0131\u015fmalar sonucunda, \u2019Sara\u00e7lar\u2019 su\u00e7 \u00f6rg\u00fct\u00fcne y\u00f6nelik \u0130zmir merkezli geni\u015f \u00e7apl\u0131 bir operasyon d\u00fczenlendi. Operasyonda&#8230;<\/p>\n","protected":false},"author":1,"featured_media":66364,"comment_status":"open","ping_status":"open","sticky":false,"template":"","format":"standard","meta":{"_crdt_document":"","footnotes":""},"categories":[5],"tags":[],"class_list":["post-66363","post","type-post","status-publish","format-standard","has-post-thumbnail","hentry","category-asayis"],"_links":{"self":[{"href":"https:\/\/www.egemtv.com\/index.php?rest_route=\/wp\/v2\/posts\/66363","targetHints":{"allow":["GET"]}}],"collection":[{"href":"https:\/\/www.egemtv.com\/index.php?rest_route=\/wp\/v2\/posts"}],"about":[{"href":"https:\/\/www.egemtv.com\/index.php?rest_route=\/wp\/v2\/types\/post"}],"author":[{"embeddable":true,"href":"https:\/\/www.egemtv.com\/index.php?rest_route=\/wp\/v2\/users\/1"}],"replies":[{"embeddable":true,"href":"https:\/\/www.egemtv.com\/index.php?rest_route=%2Fwp%2Fv2%2Fcomments&post=66363"}],"version-history":[{"count":1,"href":"https:\/\/www.egemtv.com\/index.php?rest_route=\/wp\/v2\/posts\/66363\/revisions"}],"predecessor-version":[{"id":66365,"href":"https:\/\/www.egemtv.com\/index.php?rest_route=\/wp\/v2\/posts\/66363\/revisions\/66365"}],"wp:featuredmedia":[{"embeddable":true,"href":"https:\/\/www.egemtv.com\/index.php?rest_route=\/wp\/v2\/media\/66364"}],"wp:attachment":[{"href":"https:\/\/www.egemtv.com\/index.php?rest_route=%2Fwp%2Fv2%2Fmedia&parent=66363"}],"wp:term":[{"taxonomy":"category","embeddable":true,"href":"https:\/\/www.egemtv.com\/index.php?rest_route=%2Fwp%2Fv2%2Fcategories&post=66363"},{"taxonomy":"post_tag","embeddable":true,"href":"https:\/\/www.egemtv.com\/index.php?rest_route=%2Fwp%2Fv2%2Ftags&post=66363"}],"curies":[{"name":"wp","href":"https:\/\/api.w.org\/{rel}","templated":true}]}}