{"id":66357,"date":"2025-11-07T12:34:50","date_gmt":"2025-11-07T09:34:50","guid":{"rendered":"https:\/\/www.egemtv.com\/?p=66357"},"modified":"2025-11-07T12:34:51","modified_gmt":"2025-11-07T09:34:51","slug":"cop-yolculugu-kisaldi-tasarruf-artti","status":"publish","type":"post","link":"https:\/\/www.egemtv.com\/?p=66357","title":{"rendered":"\u00c7\u00f6p yolculu\u011fu k\u0131sald\u0131, tasarruf artt\u0131"},"content":{"rendered":"<p>Manisa\u2019n\u0131n Yunusemre il\u00e7esinde \u00c7evre \u015eehircilik ve \u0130klim De\u011fi\u015fikli\u011fi Bakanl\u0131\u011f\u0131 hibesi ve \u0130ller Bankas\u0131 kredisi ile finanse edilerek hayata ge\u00e7irilen Kat\u0131 At\u0131k Transfer \u0130stasyonu sayesinde, \u00e7\u00f6p toplama ara\u00e7lar\u0131n\u0131n Uzunburun Kat\u0131 At\u0131k Bertaraf ve D\u00fczenli Depolama Tesisi\u2019ne gitmesine gerek kalmayaca\u011f\u0131 ve uygulama ile ayda 45 bin kilometre yol tasarrufunun sa\u011flanmas\u0131n\u0131n hedeflendi\u011fi a\u00e7\u0131kland\u0131.<br \/>\n<br \/>Manisa B\u00fcy\u00fck\u015fehir Belediyesi taraf\u0131ndan \u00e7evre kirlili\u011finin \u00f6nlenmesi ve at\u0131k y\u00f6netiminde verimlili\u011fin art\u0131r\u0131lmas\u0131 amac\u0131yla hayata ge\u00e7irilen Yunusemre Kat\u0131 At\u0131k Transfer \u0130stasyonu, d\u00fczenlenen t\u00f6renle hizmete ba\u015flad\u0131. Yunusemre il\u00e7esine ba\u011fl\u0131 Barbaros Mahallesi\u2019nde 9 d\u00f6n\u00fcml\u00fck alan \u00fczerine in\u015fa edilen tesisin a\u00e7\u0131l\u0131\u015f\u0131 yap\u0131l\u0131rken, tesiste Manisa\u2019n\u0131n merkez il\u00e7eleri olan Yunusemre ve \u015eehzadeler\u2019in at\u0131klar\u0131n\u0131n transferi ger\u00e7ekle\u015ftirilecek.<br \/>\n<br \/>T\u00f6rene Manisa B\u00fcy\u00fck\u015fehir Belediye Ba\u015fkan\u0131 Besim Dutlulu, \u015eehzadeler Belediye Ba\u015fkan\u0131 G\u00fcl\u015fah Durbay, Yunusemre Belediye Ba\u015fkan Yard\u0131mc\u0131s\u0131 Emine \u00d6zge Arslan, Manisa B\u00fcy\u00fck\u015fehir Belediyesi Genel Sekreteri Burak Deste ve Genel Sekreter Yard\u0131mc\u0131lar\u0131 Ata Temiz, Ali K\u0131l\u0131\u00e7, Ula\u015f Ayd\u0131n, P\u0131nar Mine Hac\u0131alibeyo\u011flu, daire ba\u015fkanlar\u0131, siyasi parti temsilcileri ve tesis yetkilileri kat\u0131ld\u0131.<br \/>\n<br \/>Merkez il\u00e7e belediyelerine ait \u00e7\u00f6p toplama ara\u00e7lar\u0131n\u0131n d\u00fczenli olarak getirece\u011fi g\u00fcnl\u00fck 400 ton at\u0131k, daha sonra Manisa B\u00fcy\u00fck\u015fehir Belediyesi\u2019ne ait t\u0131rlara aktar\u0131larak Uzunburun Kat\u0131 At\u0131k Bertaraf ve D\u00fczenli Depolama Tesisi\u2019ne ta\u015f\u0131nacak ve bertaraf edilecek.<br \/>\n<br \/>Yeni tesisin hayata ge\u00e7mesiyle birlikte olu\u015fturulan sistemle \u00f6zellikle merkez il\u00e7e belediyelerinin \u00e7\u00f6p toplama ara\u00e7lar\u0131n\u0131n do\u011frudan Uzunburun Kat\u0131 At\u0131k Bertaraf ve D\u00fczenli Depolama Tesisi\u2019ne gitmek zorunda kalmayaca\u011f\u0131 ve bu sayede ayl\u0131k ortalama 45 bin kilometre daha az yol yapaca\u011f\u0131 \u00f6\u011frenildi. \u00d6nemli \u00f6l\u00e7\u00fcde yak\u0131t tasarrufu sa\u011flayacak ve ara\u00e7 bak\u0131m maliyetlerini azaltacak tesis sayesinde hem trafik y\u00fck\u00fc hem de karbon sal\u0131n\u0131m\u0131 \u00f6nemli \u00f6l\u00e7\u00fcde d\u00fc\u015fecek. At\u0131klar daha k\u0131sa s\u00fcrede ta\u015f\u0131naca\u011f\u0131 i\u00e7in \u00e7\u00f6p konteynerlerinin daha s\u0131k bo\u015falt\u0131laca\u011f\u0131 ve vatanda\u015flara daha h\u0131zl\u0131 hizmet sunulaca\u011f\u0131 a\u00e7\u0131kland\u0131.<br \/>\n<br \/>Tesisin, Kat\u0131 At\u0131k Program\u0131 (KAP) kapsam\u0131nda \u00c7evre \u015eehircilik ve \u0130klim De\u011fi\u015fikli\u011fi Bakanl\u0131\u011f\u0131 hibesi ve \u0130ller Bankas\u0131 A.\u015e. kredisi ile finanse edildi\u011fi \u00f6\u011frenildi.<\/p>\n<p>&#8220;Tek hedefimiz vatanda\u015f\u0131m\u0131za daha iyi hizmet sunabilmek&#8221;<br \/>\n<br \/>A\u00e7\u0131l\u0131\u015f\u0131 yap\u0131lan tesiste incelemelerde bulunan Manisa B\u00fcy\u00fck\u015fehir Belediye Ba\u015fkan\u0131 Besim Dutlulu, \u00e7evreye y\u00f6nelik yat\u0131r\u0131mlar\u0131n Manisa\u2019n\u0131n gelece\u011fi i\u00e7in b\u00fcy\u00fck \u00f6nem ta\u015f\u0131d\u0131\u011f\u0131n\u0131 vurgulayarak, &#8220;Yunusemre Kat\u0131 At\u0131k Transfer \u0130stasyonu hem \u015eehzadeler hem de Yunusemre il\u00e7emize hizmet verecek. Tesisimize 400 tonun \u00fczerinde \u00e7\u00f6p transfer edilecek. Art\u0131k il\u00e7e belediyelerimiz Uzunburun\u2019a kadar gitmeyecek. B\u00f6ylece ayda 45 bin kilometre daha az yol yap\u0131lacak. Hem \u00e7\u00f6p toplama hizmeti daha verimli olacak hem de daha ekonomik olacak ve karbon sal\u0131n\u0131m\u0131 da daha az olacak. Bu hizmeti daha h\u0131zl\u0131 yapaca\u011f\u0131m\u0131z i\u00e7in vatanda\u015flar\u0131m\u0131z\u0131n bu y\u00f6ndeki \u015fikayetleri de azalacak. \u015eehzadeler, Yunusemre ve Manisa B\u00fcy\u00fck\u015fehir Belediyesi her konuda ortak \u00e7al\u0131\u015fmaya devam edecek. Tek bir hedefimiz var, vatanda\u015flar\u0131m\u0131z\u0131n daha iyi hizmet almas\u0131. Hay\u0131rl\u0131 u\u011furlu olsun.&#8221; dedi.<br \/>\n<br \/>\u015eehzadeler Belediye Ba\u015fkan\u0131 G\u00fcl\u015fah Durbay ise tesisin sa\u011flad\u0131\u011f\u0131 kolayl\u0131\u011fa dikkat \u00e7ekerek, &#8220;Geldi\u011fimiz g\u00fcnden bu yana en \u00e7ok emek verdi\u011fimiz hizmetlerimiz aras\u0131nda \u00e7\u00f6p ve temizlik konusu da vard\u0131. Sadece bir arac\u0131m\u0131z i\u00e7in 20 kilometre yol k\u0131salacak. Toplamda 45 bin kilometre gibi bir mesafede yol k\u0131salacak. Bu da daha verimli hizmet verece\u011fimiz anlam\u0131na geliyor. Daha temiz bir Manisa i\u00e7in el ele verdik. Manisa B\u00fcy\u00fck\u015fehir Belediye Ba\u015fkan\u0131m\u0131z nezdinde emek veren herkese te\u015fekk\u00fcr ediyorum&#8221; diye konu\u015ftu.<br \/><\/p>\n","protected":false},"excerpt":{"rendered":"<p>Manisa\u2019n\u0131n Yunusemre il\u00e7esinde \u00c7evre \u015eehircilik ve \u0130klim De\u011fi\u015fikli\u011fi Bakanl\u0131\u011f\u0131 hibesi ve \u0130ller Bankas\u0131 kredisi ile finanse edilerek hayata ge\u00e7irilen Kat\u0131 At\u0131k Transfer \u0130stasyonu sayesinde, \u00e7\u00f6p toplama ara\u00e7lar\u0131n\u0131n Uzunburun Kat\u0131 At\u0131k Bertaraf ve D\u00fczenli Depolama Tesisi\u2019ne gitmesine gerek kalmayaca\u011f\u0131 ve uygulama ile ayda 45 bin kilometre yol tasarrufunun sa\u011flanmas\u0131n\u0131n hedeflendi\u011fi a\u00e7\u0131kland\u0131. Manisa B\u00fcy\u00fck\u015fehir Belediyesi taraf\u0131ndan \u00e7evre&#8230;<\/p>\n","protected":false},"author":1,"featured_media":66358,"comment_status":"open","ping_status":"open","sticky":false,"template":"","format":"standard","meta":{"_crdt_document":"","footnotes":""},"categories":[125],"tags":[],"class_list":["post-66357","post","type-post","status-publish","format-standard","has-post-thumbnail","hentry","category-ekonomi"],"_links":{"self":[{"href":"https:\/\/www.egemtv.com\/index.php?rest_route=\/wp\/v2\/posts\/66357","targetHints":{"allow":["GET"]}}],"collection":[{"href":"https:\/\/www.egemtv.com\/index.php?rest_route=\/wp\/v2\/posts"}],"about":[{"href":"https:\/\/www.egemtv.com\/index.php?rest_route=\/wp\/v2\/types\/post"}],"author":[{"embeddable":true,"href":"https:\/\/www.egemtv.com\/index.php?rest_route=\/wp\/v2\/users\/1"}],"replies":[{"embeddable":true,"href":"https:\/\/www.egemtv.com\/index.php?rest_route=%2Fwp%2Fv2%2Fcomments&post=66357"}],"version-history":[{"count":1,"href":"https:\/\/www.egemtv.com\/index.php?rest_route=\/wp\/v2\/posts\/66357\/revisions"}],"predecessor-version":[{"id":66359,"href":"https:\/\/www.egemtv.com\/index.php?rest_route=\/wp\/v2\/posts\/66357\/revisions\/66359"}],"wp:featuredmedia":[{"embeddable":true,"href":"https:\/\/www.egemtv.com\/index.php?rest_route=\/wp\/v2\/media\/66358"}],"wp:attachment":[{"href":"https:\/\/www.egemtv.com\/index.php?rest_route=%2Fwp%2Fv2%2Fmedia&parent=66357"}],"wp:term":[{"taxonomy":"category","embeddable":true,"href":"https:\/\/www.egemtv.com\/index.php?rest_route=%2Fwp%2Fv2%2Fcategories&post=66357"},{"taxonomy":"post_tag","embeddable":true,"href":"https:\/\/www.egemtv.com\/index.php?rest_route=%2Fwp%2Fv2%2Ftags&post=66357"}],"curies":[{"name":"wp","href":"https:\/\/api.w.org\/{rel}","templated":true}]}}