{"id":66354,"date":"2025-11-07T12:34:49","date_gmt":"2025-11-07T09:34:49","guid":{"rendered":"https:\/\/www.egemtv.com\/?p=66354"},"modified":"2025-11-07T12:34:50","modified_gmt":"2025-11-07T09:34:50","slug":"hisarcik-kaymakami-atam-devlet-her-zaman-sehit-aileleri-ve-gazilerin-yanindadir","status":"publish","type":"post","link":"https:\/\/www.egemtv.com\/?p=66354","title":{"rendered":"Hisarc\u0131k Kaymakam\u0131 Atam, &#8220;Devlet her zaman \u015fehit aileleri ve gazilerin yan\u0131ndad\u0131r&#8221;"},"content":{"rendered":"<p>Hisarc\u0131k il\u00e7e merkezinde ikamet eden gazi ve ailesini ziyaret eden Kaymakam Erkan Atam, devletin her zaman \u015fehit aileleri ve gazilerin yan\u0131nda oldu\u011funu ifade etti.<br \/>\n<br \/>Kaymakam Erkan Atam, \u0130l\u00e7e Emniyet Amiri Ayhan Ist\u0131k ve \u0130l\u00e7e Sosyal Yard\u0131mla\u015fma ve Dayan\u0131\u015fma Vakf\u0131 M\u00fcd\u00fcr\u00fc Nurcan U\u00e7ar ile birlikte il\u00e7ede ikamet eden K\u0131br\u0131s Gazisi Mehmet \u015eener ve ailesini ziyaret etti.<br \/>\n<br \/>Yap\u0131lan ziyarette gazi Mehmet \u015eener ve ailesi ile sohbet ederek, sorun ve taleplerini dinleyen Kaymakam Atam, devletin t\u00fcm imkanlar\u0131yla \u015fehit aileleri ve gazilerin yan\u0131nda oldu\u011funu belirterek, kap\u0131lar\u0131n\u0131n kendilerine her zaman sonuna kadar a\u00e7\u0131k oldu\u011funu s\u00f6yledi<br \/><\/p>\n","protected":false},"excerpt":{"rendered":"<p>Hisarc\u0131k il\u00e7e merkezinde ikamet eden gazi ve ailesini ziyaret eden Kaymakam Erkan Atam, devletin her zaman \u015fehit aileleri ve gazilerin yan\u0131nda oldu\u011funu ifade etti. Kaymakam Erkan Atam, \u0130l\u00e7e Emniyet Amiri Ayhan Ist\u0131k ve \u0130l\u00e7e Sosyal Yard\u0131mla\u015fma ve Dayan\u0131\u015fma Vakf\u0131 M\u00fcd\u00fcr\u00fc Nurcan U\u00e7ar ile birlikte il\u00e7ede ikamet eden K\u0131br\u0131s Gazisi Mehmet \u015eener ve ailesini ziyaret etti&#8230;.<\/p>\n","protected":false},"author":1,"featured_media":66355,"comment_status":"open","ping_status":"open","sticky":false,"template":"","format":"standard","meta":{"_crdt_document":"","footnotes":""},"categories":[123],"tags":[],"class_list":["post-66354","post","type-post","status-publish","format-standard","has-post-thumbnail","hentry","category-gundem"],"_links":{"self":[{"href":"https:\/\/www.egemtv.com\/index.php?rest_route=\/wp\/v2\/posts\/66354","targetHints":{"allow":["GET"]}}],"collection":[{"href":"https:\/\/www.egemtv.com\/index.php?rest_route=\/wp\/v2\/posts"}],"about":[{"href":"https:\/\/www.egemtv.com\/index.php?rest_route=\/wp\/v2\/types\/post"}],"author":[{"embeddable":true,"href":"https:\/\/www.egemtv.com\/index.php?rest_route=\/wp\/v2\/users\/1"}],"replies":[{"embeddable":true,"href":"https:\/\/www.egemtv.com\/index.php?rest_route=%2Fwp%2Fv2%2Fcomments&post=66354"}],"version-history":[{"count":1,"href":"https:\/\/www.egemtv.com\/index.php?rest_route=\/wp\/v2\/posts\/66354\/revisions"}],"predecessor-version":[{"id":66356,"href":"https:\/\/www.egemtv.com\/index.php?rest_route=\/wp\/v2\/posts\/66354\/revisions\/66356"}],"wp:featuredmedia":[{"embeddable":true,"href":"https:\/\/www.egemtv.com\/index.php?rest_route=\/wp\/v2\/media\/66355"}],"wp:attachment":[{"href":"https:\/\/www.egemtv.com\/index.php?rest_route=%2Fwp%2Fv2%2Fmedia&parent=66354"}],"wp:term":[{"taxonomy":"category","embeddable":true,"href":"https:\/\/www.egemtv.com\/index.php?rest_route=%2Fwp%2Fv2%2Fcategories&post=66354"},{"taxonomy":"post_tag","embeddable":true,"href":"https:\/\/www.egemtv.com\/index.php?rest_route=%2Fwp%2Fv2%2Ftags&post=66354"}],"curies":[{"name":"wp","href":"https:\/\/api.w.org\/{rel}","templated":true}]}}