{"id":66351,"date":"2025-11-07T12:34:49","date_gmt":"2025-11-07T09:34:49","guid":{"rendered":"https:\/\/www.egemtv.com\/?p=66351"},"modified":"2025-11-07T12:34:49","modified_gmt":"2025-11-07T09:34:49","slug":"kocarlida-6-robofest-hazirliklari-basladi","status":"publish","type":"post","link":"https:\/\/www.egemtv.com\/?p=66351","title":{"rendered":"Ko\u00e7arl\u0131\u2019da 6. Robofest haz\u0131rl\u0131klar\u0131 ba\u015flad\u0131"},"content":{"rendered":"<p>Ko\u00e7arl\u0131 \u0130l\u00e7e Milli E\u011fitim M\u00fcd\u00fcrl\u00fc\u011f\u00fc taraf\u0131ndan bu y\u0131l 6\u2019nc\u0131s\u0131 d\u00fczenlenecek olan Ko\u00e7arl\u0131 Robofest Kodlama Yar\u0131\u015fmalar\u0131 ve Festivali i\u00e7in d\u00fczenleme kurulu haz\u0131rl\u0131k toplant\u0131s\u0131, Ko\u00e7arl\u0131 Kaymakam\u0131 Ramazan Ta\u015fk\u0131n ba\u015fkanl\u0131\u011f\u0131nda ger\u00e7ekle\u015ftirildi.<\/p>\n<p>Ko\u00e7arl\u0131 \u0130l\u00e7e Milli E\u011fitim M\u00fcd\u00fcrl\u00fc\u011f\u00fc koordinesinde ve Mustafa Keziban K\u00fc\u00e7\u00fcko\u011flu Mesleki ve Teknik Anadolu Lisesi Bili\u015fim Teknolojileri Alan\u0131 y\u00fcr\u00fct\u00fcc\u00fcl\u00fc\u011f\u00fcnde ger\u00e7ekle\u015ftirilecek olan Ko\u00e7arl\u0131 Robofest, teknolojiye ilgi duyan \u00f6\u011frencileri bir araya getirmeyi ve yenilik\u00e7i projelerin sergilenmesine zemin haz\u0131rlamay\u0131 hedefliyor.<\/p>\n<p>Toplant\u0131da festival s\u00fcreci ve program ak\u0131\u015f\u0131 \u00fczerine detayl\u0131 de\u011ferlendirmelerde bulunuldu. \u0130l geneli d\u00fczenlenecek ve \u00fc\u00e7 g\u00fcn s\u00fcrecek festival kapsam\u0131nda ilk g\u00fcn, payda\u015f kurum ve kurulu\u015flar\u0131n kat\u0131l\u0131m\u0131yla teknoloji temal\u0131 stant etkinlikleri ve En \u0130novatif Proje Yar\u0131\u015fmas\u0131, ikinci g\u00fcn, kat\u0131l\u0131mc\u0131 \u00f6\u011frencilere y\u00f6nelik Ayd\u0131n Jandarma \u0130HA Filo Komutanl\u0131\u011f\u0131, Helikopter Filo Komutanl\u0131\u011f\u0131, Sahil G\u00fcvenlik Ege \u0130HA Filo Komutanl\u0131\u011f\u0131, TAB\u0130T Ak\u0131ll\u0131 K\u00f6y ve Adnan Menderes \u00dcniversitesi M\u00fchendislik Fak\u00fcltesi Yapay Zeka Uygulama S\u0131n\u0131f\u0131 gezileri, \u00fc\u00e7\u00fcnc\u00fc g\u00fcn ise okul \u00f6ncesi, ilkokul, ortaokul ve lise kategorilerinde kodlama yar\u0131\u015fmalar\u0131 ile tamamlanacak.<\/p>\n<p>Kat\u0131l\u0131mc\u0131lar, Ko\u00e7arl\u0131\u2019da teknoloji, \u00fcretim ve yenili\u011fe \u00f6nc\u00fcl\u00fck edecek bu etkinli\u011fin \u00f6\u011frenciler i\u00e7in \u00f6nemli bir f\u0131rsat olaca\u011f\u0131 konusunda g\u00f6r\u00fc\u015f birli\u011fine vard\u0131. Ko\u00e7arl\u0131 Robofest, gelece\u011fin teknolojisine y\u00f6n verecek, &#8220;teknolojiyi t\u00fcketen de\u011fil, \u00fcreten nesiller&#8221; yeti\u015ftirme hedefiyle yoluna devam ediyor.<br \/><\/p>\n","protected":false},"excerpt":{"rendered":"<p>Ko\u00e7arl\u0131 \u0130l\u00e7e Milli E\u011fitim M\u00fcd\u00fcrl\u00fc\u011f\u00fc taraf\u0131ndan bu y\u0131l 6\u2019nc\u0131s\u0131 d\u00fczenlenecek olan Ko\u00e7arl\u0131 Robofest Kodlama Yar\u0131\u015fmalar\u0131 ve Festivali i\u00e7in d\u00fczenleme kurulu haz\u0131rl\u0131k toplant\u0131s\u0131, Ko\u00e7arl\u0131 Kaymakam\u0131 Ramazan Ta\u015fk\u0131n ba\u015fkanl\u0131\u011f\u0131nda ger\u00e7ekle\u015ftirildi. Ko\u00e7arl\u0131 \u0130l\u00e7e Milli E\u011fitim M\u00fcd\u00fcrl\u00fc\u011f\u00fc koordinesinde ve Mustafa Keziban K\u00fc\u00e7\u00fcko\u011flu Mesleki ve Teknik Anadolu Lisesi Bili\u015fim Teknolojileri Alan\u0131 y\u00fcr\u00fct\u00fcc\u00fcl\u00fc\u011f\u00fcnde ger\u00e7ekle\u015ftirilecek olan Ko\u00e7arl\u0131 Robofest, teknolojiye ilgi duyan \u00f6\u011frencileri&#8230;<\/p>\n","protected":false},"author":1,"featured_media":66352,"comment_status":"open","ping_status":"open","sticky":false,"template":"","format":"standard","meta":{"_crdt_document":"","footnotes":""},"categories":[124],"tags":[],"class_list":["post-66351","post","type-post","status-publish","format-standard","has-post-thumbnail","hentry","category-bilim"],"_links":{"self":[{"href":"https:\/\/www.egemtv.com\/index.php?rest_route=\/wp\/v2\/posts\/66351","targetHints":{"allow":["GET"]}}],"collection":[{"href":"https:\/\/www.egemtv.com\/index.php?rest_route=\/wp\/v2\/posts"}],"about":[{"href":"https:\/\/www.egemtv.com\/index.php?rest_route=\/wp\/v2\/types\/post"}],"author":[{"embeddable":true,"href":"https:\/\/www.egemtv.com\/index.php?rest_route=\/wp\/v2\/users\/1"}],"replies":[{"embeddable":true,"href":"https:\/\/www.egemtv.com\/index.php?rest_route=%2Fwp%2Fv2%2Fcomments&post=66351"}],"version-history":[{"count":1,"href":"https:\/\/www.egemtv.com\/index.php?rest_route=\/wp\/v2\/posts\/66351\/revisions"}],"predecessor-version":[{"id":66353,"href":"https:\/\/www.egemtv.com\/index.php?rest_route=\/wp\/v2\/posts\/66351\/revisions\/66353"}],"wp:featuredmedia":[{"embeddable":true,"href":"https:\/\/www.egemtv.com\/index.php?rest_route=\/wp\/v2\/media\/66352"}],"wp:attachment":[{"href":"https:\/\/www.egemtv.com\/index.php?rest_route=%2Fwp%2Fv2%2Fmedia&parent=66351"}],"wp:term":[{"taxonomy":"category","embeddable":true,"href":"https:\/\/www.egemtv.com\/index.php?rest_route=%2Fwp%2Fv2%2Fcategories&post=66351"},{"taxonomy":"post_tag","embeddable":true,"href":"https:\/\/www.egemtv.com\/index.php?rest_route=%2Fwp%2Fv2%2Ftags&post=66351"}],"curies":[{"name":"wp","href":"https:\/\/api.w.org\/{rel}","templated":true}]}}