{"id":66348,"date":"2025-11-07T12:34:48","date_gmt":"2025-11-07T09:34:48","guid":{"rendered":"https:\/\/www.egemtv.com\/?p=66348"},"modified":"2025-11-07T12:34:48","modified_gmt":"2025-11-07T09:34:48","slug":"izmirmeets-2025-zirvesi-basliyor","status":"publish","type":"post","link":"https:\/\/www.egemtv.com\/?p=66348","title":{"rendered":"\u0130zmirMeets 2025 Zirvesi ba\u015fl\u0131yor"},"content":{"rendered":"<p>&#8220;Teknoloji ve \u0130novasyon&#8221; temal\u0131 \u0130zmirMeets 2025 Zirvesi\u2019nin bas\u0131n lansman\u0131 yap\u0131ld\u0131. \u0130zmir Ticaret Odas\u0131 Y\u00f6netim Kurulu Ba\u015fkan\u0131 Mahmut \u00d6zgener, &#8220;Kentimizin ekonomisi, 100\u2019\u00fc a\u015fk\u0131n Ar-Ge ve tasar\u0131m merkeziyle b\u00fcy\u00fcyor. Yapay zekan\u0131n kod yazd\u0131\u011f\u0131, robotlar\u0131n \u00fcretti\u011fi bir \u00e7a\u011fda bile, o teknolojiye y\u00f6n veren \u015fey insan akl\u0131. Bu y\u0131lki \u0130zmirMeets\u2019in ana felsefesi, teknolojiye anlam katan insanlar\u0131 bir araya getirmek.&#8221; dedi<br \/>\n<br \/>\u0130zmir Ticaret Odas\u0131 (\u0130ZTO) ve Ege Ekonomiyi Geli\u015ftirme Vakf\u0131 (EGEV) i\u015f birli\u011finde bu y\u0131l \u00fc\u00e7\u00fcnc\u00fcs\u00fc d\u00fczenlenecek olan &#8220;\u0130zmirMeets 2025 Zirvesi&#8221;nin bas\u0131n toplant\u0131s\u0131 \u0130ZQ Giri\u015fimcilik Merkezi\u2019nde yap\u0131ld\u0131. &#8220;Teknoloji ve \u0130novasyon&#8221; temas\u0131yla zirvenin tan\u0131t\u0131m toplant\u0131s\u0131na, \u0130zmir B\u00fcy\u00fck\u015fehir Belediye Ba\u015fkan\u0131 Cemil Tugay, Ege Ekonomiyi Geli\u015ftirme Vakf\u0131 Ba\u015fkan\u0131 Hasan K\u00fc\u00e7\u00fckkurt ve \u0130zmir Ticaret Odas\u0131 Y\u00f6netim Kurulu Ba\u015fkan\u0131 Mahmut \u00d6zgener\u2019in yan\u0131 s\u0131ra \u00e7ok say\u0131da gazeteci kat\u0131ld\u0131. Kent ekonomisine y\u00f6n veren kurumlar\u0131n i\u015f birli\u011fiyle ger\u00e7ekle\u015fecek olan \u0130zmirMeets 2025 Zirvesi, 19 Kas\u0131m tarihinde Ahmed Adnan Saygun Sanat Merkezi\u2019nde d\u00fczenlenecek.<br \/>\n<br \/>Bas\u0131n toplant\u0131s\u0131nda gazetecilere a\u00e7\u0131klamalarda bulunan \u0130ZTO Y\u00f6netim Kurulu Ba\u015fkan\u0131 Mahmut \u00d6zgener, &#8220;\u0130zmirMeets, bir etkinli\u011fin \u00f6tesinde, d\u00fcnyay\u0131 dinleme ve \u0130zmir\u2019in kendini d\u00fcnyaya anlatma bi\u00e7imi olacak. Kentimizin ald\u0131\u011f\u0131m\u0131z ilham\u0131 d\u00fcnyaya yayacak, d\u00fcnyan\u0131n ve \u00fclkemizin \u00f6nde gelen beyinlerini de \u0130zmir ile bulu\u015fturacak. Her y\u0131l farkl\u0131 bir tema etraf\u0131nda \u015fekillenecek bu bulu\u015fmalar, sadece sekt\u00f6rleri de\u011fil, d\u00fc\u015f\u00fcnce bi\u00e7imlerini de d\u00f6n\u00fc\u015ft\u00fcrmeyi hedefliyor.  2025 y\u0131l\u0131 temam\u0131z &#8220;Teknoloji ve \u0130novasyon&#8221;, \u0130zmir\u2019in bug\u00fcnk\u00fc e\u011filimlerini de\u011fil, gelecekteki yerini de tarif ediyor. 19 Kas\u0131m 2025 \u00c7ar\u015famba g\u00fcn\u00fc Ahmed Adnan Saygun Sanat Merkezi\u2019nde ger\u00e7ekle\u015fecek etkinli\u011fimizde; gelece\u011fin d\u00fcnyas\u0131n\u0131 bug\u00fcnden \u015fekillendiren liderler, giri\u015fimciler, akademisyenler ve vizyoner gen\u00e7ler bir araya gelecek.&#8221; dedi.<\/p>\n<p>&#8220;\u0130zmirMeets\u2019in her detay\u0131 bu kentin ruhundan do\u011fdu&#8221;<br \/>\n<br \/>\u0130zmirMeets sahnesine \u00e7\u0131kan her konu\u015fmac\u0131n\u0131n, sadece bilgi de\u011fil; bir hayal, bir \u00e7a\u011fr\u0131, bir miras b\u0131rakaca\u011f\u0131n\u0131 belirten \u00d6zgener, \u015f\u00f6yle devam etti: &#8220;\u0130zmirMeets\u2019in her detay\u0131 bu kentin ruhundan do\u011fdu. Logomuzda \u0130zmir\u2019in simgesi &#8220;35&#8221; rakam\u0131, kentin canl\u0131 sokaklar\u0131n\u0131 s\u00fcsleyen begonvillerin rengiyle bulu\u015ftu. Kentimizin ekonomisi, 100\u2019\u00fc a\u015fk\u0131n Ar-Ge ve tasar\u0131m merkeziyle b\u00fcy\u00fcyor. Start-up ekosistemimiz sadece fikir de\u011fil, \u00e7\u00f6z\u00fcm \u00fcretiyor.  \u00dcniversitelerimiz gen\u00e7lerin gelece\u011fi in\u015fa etti\u011fi merkezler haline geliyor. Bu tablo, \u0130zmir\u2019in art\u0131k sadece bir kat\u0131l\u0131mc\u0131 kent de\u011fil, bir \u00f6nc\u00fc \u015fehir oldu\u011funun g\u00f6stergesi. Bug\u00fcn teknolojiden s\u00f6z etti\u011fimizde, sadece makinelerden de\u011fil; vizyon, etik ve insanl\u0131k de\u011ferlerinden de bahsediyoruz. Yapay zekan\u0131n kod yazd\u0131\u011f\u0131, robotlar\u0131n \u00fcretti\u011fi bir \u00e7a\u011fda bile, o teknolojiye y\u00f6n veren \u015fey insan akl\u0131. Bu y\u0131lki \u0130zmirMeets\u2019in ana felsefesi, teknolojiye anlam katan insanlar\u0131 bir araya getirmek. Organizasyon, gen\u00e7lerimize, onlar\u0131n \u00f6zg\u00fcr d\u00fc\u015f\u00fcnebilen ve hayal kurabilen zihinlerine yat\u0131r\u0131m olacak. K\u00fcresel ekonomilerin darald\u0131\u011f\u0131, d\u00f6n\u00fc\u015f\u00fcm\u00fcn h\u0131zland\u0131\u011f\u0131 bu d\u00f6nemde \u0130zmir bir kez daha yol g\u00f6steren \u015fehir rol\u00fcn\u00fc \u00fcstlenecek. \u0130zmirMeets, bu vizyonun ilk somut ad\u0131m\u0131. Bu platformumuz kentimizin ortak akl\u0131yla, payda\u015flar\u0131m\u0131z\u0131n i\u015f birli\u011fiyle ve gen\u00e7lerimizin hayal g\u00fcc\u00fcyle y\u00fckselecek. Birlikte d\u00fc\u015f\u00fcnmek, \u00fcretmek ve payla\u015fmak amac\u0131nday\u0131z.&#8221;<\/p>\n<p>&#8220;\u0130zmirMeets, \u0130zmir\u2019in g\u00fcc\u00fcn\u00fc g\u00f6r\u00fcn\u00fcr k\u0131lan bir platform haline geldi&#8221;<br \/>\n<br \/>\u0130zmir\u2019in gelece\u011fine y\u00f6n veren \u00f6nemli ve gelenekselle\u015fme yolunda olan \u0130zmirMeets etkinli\u011fimizi bu y\u0131l bir kez daha hayata ge\u00e7irdiklerini s\u00f6yleyen \u0130zmir B\u00fcy\u00fck\u015fehir Belediye Ba\u015fkan\u0131 Cemil Tugay, &#8220;19 Kas\u0131m\u2019da \u00fc\u00e7\u00fcnc\u00fcs\u00fcn\u00fc d\u00fczenleyece\u011fimiz \u0130zmirMeets\u2019in bu y\u0131lki temas\u0131, &#8220;Teknoloji ve \u0130novasyon&#8221; olacak. \u0130zmirMeets, her y\u0131l \u00e7a\u011f\u0131n \u00f6ne \u00e7\u0131kan bir ba\u015fl\u0131\u011f\u0131n\u0131 ele alarak \u0130zmir\u2019in potansiyelini, \u00fcretkenli\u011fini ve yenilik\u00e7i g\u00fcc\u00fcn\u00fc g\u00f6r\u00fcn\u00fcr k\u0131lan bir platform haline geldi. \u0130zmir, bug\u00fcn sadece T\u00fcrkiye\u2019nin \u00fc\u00e7\u00fcnc\u00fc b\u00fcy\u00fck kenti de\u011fil; ayn\u0131 zamanda yenilik\u00e7i d\u00fc\u015f\u00fcncenin, giri\u015fimcili\u011fin ve teknolojik geli\u015fimin g\u00fc\u00e7l\u00fc merkezlerinden biri. \u0130zmir Planlama Ajans\u0131 ve \u0130zmir Teknoloji ve \u0130novasyon A.\u015e. i\u015f birli\u011fiyle haz\u0131rlad\u0131\u011f\u0131m\u0131z Yapay Zeka Eylem Plan\u0131, kentin dijital d\u00f6n\u00fc\u015f\u00fcm\u00fcn\u00fc y\u00f6nlendiren stratejik bir rehber niteli\u011finde. \u0130zmir\u2019in giri\u015fimcileri, gen\u00e7leri, bilim insanlar\u0131 ve yat\u0131r\u0131mc\u0131lar\u0131 burada bir araya gelecek. Kentimizin bilgi, teknoloji ve s\u00fcrd\u00fcr\u00fclebilirlik odakl\u0131 gelece\u011fine \u0131\u015f\u0131k tutacak; yeni i\u015f birliklerine ve ortak \u00e7\u00f6z\u00fcmlere zemin haz\u0131rlayacak \u0130zmir\u2019i yenili\u011fin, \u00fcretimin ve gelece\u011fin ba\u015fkenti yapma hedefimiz do\u011frultusunda, 19 Kas\u0131m\u2019da Ahmed Adnan Saygun Sanat Merkezinde ger\u00e7ekle\u015fecek bulu\u015fmam\u0131za t\u00fcm \u0130zmirlileri davet ediyorum.&#8221; diye konu\u015ftu.<br \/>\n<br \/>Ege Ekonomiyi Geli\u015ftirme Vakf\u0131 Ba\u015fkan\u0131 Hasan K\u00fc\u00e7\u00fckkurt, etkinli\u011fin \u0130zmir\u2019e katk\u0131 sa\u011flayaca\u011f\u0131n\u0131 dile getirerek, kendilerinin de projeye destek olmak amac\u0131yla yola \u00e7\u0131kt\u0131klar\u0131n\u0131 belirtti.<br \/><\/p>\n","protected":false},"excerpt":{"rendered":"<p>&#8220;Teknoloji ve \u0130novasyon&#8221; temal\u0131 \u0130zmirMeets 2025 Zirvesi\u2019nin bas\u0131n lansman\u0131 yap\u0131ld\u0131. \u0130zmir Ticaret Odas\u0131 Y\u00f6netim Kurulu Ba\u015fkan\u0131 Mahmut \u00d6zgener, &#8220;Kentimizin ekonomisi, 100\u2019\u00fc a\u015fk\u0131n Ar-Ge ve tasar\u0131m merkeziyle b\u00fcy\u00fcyor. Yapay zekan\u0131n kod yazd\u0131\u011f\u0131, robotlar\u0131n \u00fcretti\u011fi bir \u00e7a\u011fda bile, o teknolojiye y\u00f6n veren \u015fey insan akl\u0131. Bu y\u0131lki \u0130zmirMeets\u2019in ana felsefesi, teknolojiye anlam katan insanlar\u0131 bir araya getirmek.&#8221;&#8230;<\/p>\n","protected":false},"author":1,"featured_media":66349,"comment_status":"open","ping_status":"open","sticky":false,"template":"","format":"standard","meta":{"_crdt_document":"","footnotes":""},"categories":[124],"tags":[],"class_list":["post-66348","post","type-post","status-publish","format-standard","has-post-thumbnail","hentry","category-bilim"],"_links":{"self":[{"href":"https:\/\/www.egemtv.com\/index.php?rest_route=\/wp\/v2\/posts\/66348","targetHints":{"allow":["GET"]}}],"collection":[{"href":"https:\/\/www.egemtv.com\/index.php?rest_route=\/wp\/v2\/posts"}],"about":[{"href":"https:\/\/www.egemtv.com\/index.php?rest_route=\/wp\/v2\/types\/post"}],"author":[{"embeddable":true,"href":"https:\/\/www.egemtv.com\/index.php?rest_route=\/wp\/v2\/users\/1"}],"replies":[{"embeddable":true,"href":"https:\/\/www.egemtv.com\/index.php?rest_route=%2Fwp%2Fv2%2Fcomments&post=66348"}],"version-history":[{"count":1,"href":"https:\/\/www.egemtv.com\/index.php?rest_route=\/wp\/v2\/posts\/66348\/revisions"}],"predecessor-version":[{"id":66350,"href":"https:\/\/www.egemtv.com\/index.php?rest_route=\/wp\/v2\/posts\/66348\/revisions\/66350"}],"wp:featuredmedia":[{"embeddable":true,"href":"https:\/\/www.egemtv.com\/index.php?rest_route=\/wp\/v2\/media\/66349"}],"wp:attachment":[{"href":"https:\/\/www.egemtv.com\/index.php?rest_route=%2Fwp%2Fv2%2Fmedia&parent=66348"}],"wp:term":[{"taxonomy":"category","embeddable":true,"href":"https:\/\/www.egemtv.com\/index.php?rest_route=%2Fwp%2Fv2%2Fcategories&post=66348"},{"taxonomy":"post_tag","embeddable":true,"href":"https:\/\/www.egemtv.com\/index.php?rest_route=%2Fwp%2Fv2%2Ftags&post=66348"}],"curies":[{"name":"wp","href":"https:\/\/api.w.org\/{rel}","templated":true}]}}