{"id":66345,"date":"2025-11-07T12:15:56","date_gmt":"2025-11-07T09:15:56","guid":{"rendered":"https:\/\/www.egemtv.com\/?p=66345"},"modified":"2025-11-07T12:15:57","modified_gmt":"2025-11-07T09:15:57","slug":"fetoden-aranan-sahsi-polis-yakaladi-4","status":"publish","type":"post","link":"https:\/\/www.egemtv.com\/?p=66345","title":{"rendered":"FET\u00d6\u2019den aranan \u015fahs\u0131 polis yakalad\u0131"},"content":{"rendered":"<p>Afyonkarahisar\u2019da Fettullah\u00e7\u0131 Ter\u00f6r \u00d6rg\u00fct\u00fcne (FET\u00d6) \u00fcye olma su\u00e7undan 6 y\u0131l 3 ay hapis cezas\u0131yla aranan \u015fah\u0131s polis taraf\u0131ndan yakaland\u0131.<br \/>\n<br \/>Edinilen bilgilere g\u00f6re, \u0130l Emniyet M\u00fcd\u00fcrl\u00fc\u011f\u00fc taraf\u0131ndan aranan \u015fah\u0131slar\u0131n yakalanmas\u0131na y\u00f6nelik \u00e7al\u0131\u015fma yap\u0131ld\u0131. \u0130ncelemelerde E.\u00c7., isimli \u015fahs\u0131n FET\u00d6\u2019ye \u00fcye olma su\u00e7undan 6 y\u0131l 3 ay hapis cezas\u0131 ile arand\u0131\u011f\u0131 tespit edildi. Ard\u0131ndan \u015fahs\u0131n pe\u015fine d\u00fc\u015fen polis ekipleri \u015f\u00fcpheliyi yakalayarak g\u00f6zalt\u0131na ald\u0131. \u0130\u015flemleri sonras\u0131 adliyeye sevk edilen \u015fah\u0131s tutuklanarak cezaevine g\u00f6nderilirken, \u015f\u00fcphelinin ayn\u0131 zamanda \u00f6rg\u00fct\u00fcn gizli haberle\u015fme program\u0131 ByLock kullan\u0131c\u0131s\u0131 oldu\u011fu da \u00f6\u011frenildi.<br \/><\/p>\n","protected":false},"excerpt":{"rendered":"<p>Afyonkarahisar\u2019da Fettullah\u00e7\u0131 Ter\u00f6r \u00d6rg\u00fct\u00fcne (FET\u00d6) \u00fcye olma su\u00e7undan 6 y\u0131l 3 ay hapis cezas\u0131yla aranan \u015fah\u0131s polis taraf\u0131ndan yakaland\u0131. Edinilen bilgilere g\u00f6re, \u0130l Emniyet M\u00fcd\u00fcrl\u00fc\u011f\u00fc taraf\u0131ndan aranan \u015fah\u0131slar\u0131n yakalanmas\u0131na y\u00f6nelik \u00e7al\u0131\u015fma yap\u0131ld\u0131. \u0130ncelemelerde E.\u00c7., isimli \u015fahs\u0131n FET\u00d6\u2019ye \u00fcye olma su\u00e7undan 6 y\u0131l 3 ay hapis cezas\u0131 ile arand\u0131\u011f\u0131 tespit edildi. Ard\u0131ndan \u015fahs\u0131n pe\u015fine d\u00fc\u015fen polis&#8230;<\/p>\n","protected":false},"author":1,"featured_media":66346,"comment_status":"open","ping_status":"open","sticky":false,"template":"","format":"standard","meta":{"_crdt_document":"","footnotes":""},"categories":[5],"tags":[],"class_list":["post-66345","post","type-post","status-publish","format-standard","has-post-thumbnail","hentry","category-asayis"],"_links":{"self":[{"href":"https:\/\/www.egemtv.com\/index.php?rest_route=\/wp\/v2\/posts\/66345","targetHints":{"allow":["GET"]}}],"collection":[{"href":"https:\/\/www.egemtv.com\/index.php?rest_route=\/wp\/v2\/posts"}],"about":[{"href":"https:\/\/www.egemtv.com\/index.php?rest_route=\/wp\/v2\/types\/post"}],"author":[{"embeddable":true,"href":"https:\/\/www.egemtv.com\/index.php?rest_route=\/wp\/v2\/users\/1"}],"replies":[{"embeddable":true,"href":"https:\/\/www.egemtv.com\/index.php?rest_route=%2Fwp%2Fv2%2Fcomments&post=66345"}],"version-history":[{"count":1,"href":"https:\/\/www.egemtv.com\/index.php?rest_route=\/wp\/v2\/posts\/66345\/revisions"}],"predecessor-version":[{"id":66347,"href":"https:\/\/www.egemtv.com\/index.php?rest_route=\/wp\/v2\/posts\/66345\/revisions\/66347"}],"wp:featuredmedia":[{"embeddable":true,"href":"https:\/\/www.egemtv.com\/index.php?rest_route=\/wp\/v2\/media\/66346"}],"wp:attachment":[{"href":"https:\/\/www.egemtv.com\/index.php?rest_route=%2Fwp%2Fv2%2Fmedia&parent=66345"}],"wp:term":[{"taxonomy":"category","embeddable":true,"href":"https:\/\/www.egemtv.com\/index.php?rest_route=%2Fwp%2Fv2%2Fcategories&post=66345"},{"taxonomy":"post_tag","embeddable":true,"href":"https:\/\/www.egemtv.com\/index.php?rest_route=%2Fwp%2Fv2%2Ftags&post=66345"}],"curies":[{"name":"wp","href":"https:\/\/api.w.org\/{rel}","templated":true}]}}