{"id":66342,"date":"2025-11-07T12:15:56","date_gmt":"2025-11-07T09:15:56","guid":{"rendered":"https:\/\/www.egemtv.com\/?p=66342"},"modified":"2025-11-07T12:15:56","modified_gmt":"2025-11-07T09:15:56","slug":"emet-babukbey-kuran-kursu-icin-bed-i-besmele-programi-duzenlendi","status":"publish","type":"post","link":"https:\/\/www.egemtv.com\/?p=66342","title":{"rendered":"Emet Babukbey Kur\u2019an kursu i\u00e7in &#8220;Bed-i Besmele&#8221; program\u0131 d\u00fczenlendi"},"content":{"rendered":"<p>Emet \u0130l\u00e7e M\u00fcft\u00fcl\u00fc\u011f\u00fc taraf\u0131ndan Babukbey 4-6 ya\u015f Kur\u2019an kursu i\u00e7in &#8220;Bed-i Besmele&#8221; program\u0131 d\u00fczenledi.<br \/>\n<br \/>Yeni e\u011fitim-\u00f6\u011fretim y\u0131l\u0131n\u0131n ba\u015flamas\u0131 nedeniyle d\u00fczenlenen program \u00c7avu\u015fo\u011flu Camii\u2019nde ger\u00e7ekle\u015ftirildi. Programa \u0130l\u00e7e Vaizi \u0130smail Hakk\u0131 G\u00fcl, Kur\u2019an kursu \u00f6\u011freticisi, y\u00f6netimi, \u00f6\u011frenciler, veliler ve vatanda\u015flar kat\u0131ld\u0131. Kur\u2019an tilavetiyle ba\u015flayan programda minik \u00f6\u011frenciler, \u00f6\u011frendikleri sureleri, dualar\u0131 ve ilahileri seslendirdiler. Renkli g\u00f6r\u00fcnt\u00fclere sahne olan etkinlikte, \u00f6\u011frencilerin heyecan\u0131 ve sevinci y\u00fczlerine yans\u0131d\u0131.<br \/>\n<br \/>Programda konu\u015fan \u0130l\u00e7e Vaizi \u0130smail Hakk\u0131 G\u00fcl,  &#8220;Bed-i Besmele program\u0131, yavrular\u0131m\u0131z\u0131n Kur\u2019an-\u0131 Kerim\u2019le tan\u0131\u015ft\u0131\u011f\u0131, ilim ve hikmet yolculuklar\u0131na atm\u0131\u015f olduklar\u0131 minik ama b\u00fcy\u00fck, de\u011ferli ad\u0131mlar\u0131 ile besmeleyle ba\u015flad\u0131klar\u0131 anlaml\u0131 bir g\u00fcnd\u00fcr. Bu g\u00fczel yavrular\u0131m\u0131z\u0131n g\u00f6n\u00fcllerine Allah sevgisini, Peygamber sevgisini ve g\u00fczel ahl\u00e2k\u0131 yerle\u015ftirerek de\u011ferler e\u011fitimi ad\u0131 alt\u0131nda yeti\u015ftirmek hepimizin ortak gayesidir&#8221; dedi.<br \/>\n<br \/>Program, yap\u0131lan dua, ikram ve \u00e7ekilen hat\u0131ra foto\u011fraflar\u0131n\u0131n ard\u0131ndan sona erdi.<br \/><\/p>\n","protected":false},"excerpt":{"rendered":"<p>Emet \u0130l\u00e7e M\u00fcft\u00fcl\u00fc\u011f\u00fc taraf\u0131ndan Babukbey 4-6 ya\u015f Kur\u2019an kursu i\u00e7in &#8220;Bed-i Besmele&#8221; program\u0131 d\u00fczenledi. Yeni e\u011fitim-\u00f6\u011fretim y\u0131l\u0131n\u0131n ba\u015flamas\u0131 nedeniyle d\u00fczenlenen program \u00c7avu\u015fo\u011flu Camii\u2019nde ger\u00e7ekle\u015ftirildi. Programa \u0130l\u00e7e Vaizi \u0130smail Hakk\u0131 G\u00fcl, Kur\u2019an kursu \u00f6\u011freticisi, y\u00f6netimi, \u00f6\u011frenciler, veliler ve vatanda\u015flar kat\u0131ld\u0131. Kur\u2019an tilavetiyle ba\u015flayan programda minik \u00f6\u011frenciler, \u00f6\u011frendikleri sureleri, dualar\u0131 ve ilahileri seslendirdiler. Renkli g\u00f6r\u00fcnt\u00fclere sahne olan&#8230;<\/p>\n","protected":false},"author":1,"featured_media":66343,"comment_status":"open","ping_status":"open","sticky":false,"template":"","format":"standard","meta":{"_crdt_document":"","footnotes":""},"categories":[123],"tags":[],"class_list":["post-66342","post","type-post","status-publish","format-standard","has-post-thumbnail","hentry","category-gundem"],"_links":{"self":[{"href":"https:\/\/www.egemtv.com\/index.php?rest_route=\/wp\/v2\/posts\/66342","targetHints":{"allow":["GET"]}}],"collection":[{"href":"https:\/\/www.egemtv.com\/index.php?rest_route=\/wp\/v2\/posts"}],"about":[{"href":"https:\/\/www.egemtv.com\/index.php?rest_route=\/wp\/v2\/types\/post"}],"author":[{"embeddable":true,"href":"https:\/\/www.egemtv.com\/index.php?rest_route=\/wp\/v2\/users\/1"}],"replies":[{"embeddable":true,"href":"https:\/\/www.egemtv.com\/index.php?rest_route=%2Fwp%2Fv2%2Fcomments&post=66342"}],"version-history":[{"count":1,"href":"https:\/\/www.egemtv.com\/index.php?rest_route=\/wp\/v2\/posts\/66342\/revisions"}],"predecessor-version":[{"id":66344,"href":"https:\/\/www.egemtv.com\/index.php?rest_route=\/wp\/v2\/posts\/66342\/revisions\/66344"}],"wp:featuredmedia":[{"embeddable":true,"href":"https:\/\/www.egemtv.com\/index.php?rest_route=\/wp\/v2\/media\/66343"}],"wp:attachment":[{"href":"https:\/\/www.egemtv.com\/index.php?rest_route=%2Fwp%2Fv2%2Fmedia&parent=66342"}],"wp:term":[{"taxonomy":"category","embeddable":true,"href":"https:\/\/www.egemtv.com\/index.php?rest_route=%2Fwp%2Fv2%2Fcategories&post=66342"},{"taxonomy":"post_tag","embeddable":true,"href":"https:\/\/www.egemtv.com\/index.php?rest_route=%2Fwp%2Fv2%2Ftags&post=66342"}],"curies":[{"name":"wp","href":"https:\/\/api.w.org\/{rel}","templated":true}]}}