{"id":66339,"date":"2025-11-07T11:55:49","date_gmt":"2025-11-07T08:55:49","guid":{"rendered":"https:\/\/www.egemtv.com\/?p=66339"},"modified":"2025-11-07T11:55:50","modified_gmt":"2025-11-07T08:55:50","slug":"mugla-valisi-akbiyik-kaunos-bu-topraklarin-hafizasidir","status":"publish","type":"post","link":"https:\/\/www.egemtv.com\/?p=66339","title":{"rendered":"Mu\u011fla Valisi Akb\u0131y\u0131k: &#8220;Kaunos, bu topraklar\u0131n haf\u0131zas\u0131d\u0131r&#8221;"},"content":{"rendered":"<p>Mu\u011fla Valisi Dr. \u0130dris Akb\u0131y\u0131k, K\u00f6yce\u011fiz il\u00e7esinde bir dizi ziyaret ve incelemelerde bulunurken, Kaunos Antik kenti\u2019ni de gezdi. Vali Akb\u0131y\u0131k, Kaunos\u2019un yaln\u0131zca bir antik kent olmad\u0131\u011f\u0131n\u0131 vurgulay\u0131p &#8220;Kaunos, bu topraklar\u0131n haf\u0131zas\u0131d\u0131r&#8221; dedi.<\/p>\n<p>Vali Dr. \u0130dris Akb\u0131y\u0131k ve Kaymakam Mert Kumcu, ilk olarak yenilenen K\u00f6yce\u011fiz Su Sporlar\u0131 ve Kamp E\u011fitim Merkezi\u2019ni ziyaret etti. Ziyarette K\u00f6yce\u011fiz Su Sporlar\u0131 Kul\u00fcb\u00fc y\u00f6neticileri ve sporcular\u0131yla bir araya gelen Vali Akb\u0131y\u0131k, merkezde y\u00fcr\u00fct\u00fclen \u00e7al\u0131\u015fmalar hakk\u0131nda bilgi ald\u0131. K\u00f6yce\u011fiz G\u00f6l\u00fc\u2019n\u00fcn k\u00fcrek, kano ve yelken gibi su sporlar\u0131na elveri\u015fli yap\u0131s\u0131, do\u011fal termal kaynaklar\u0131 ve Dalyan Kanal\u0131\u2019na a\u00e7\u0131lan ekosistemiyle \u00f6nemli bir turizm ve do\u011fa sporlar\u0131 potansiyeline sahip oldu\u011funu vurgulayan Vali Akb\u0131y\u0131k, spor turizminin geli\u015ftirilmesine y\u00f6nelik \u00e7al\u0131\u015fmalar\u0131 yak\u0131ndan takip ettiklerini ifade etti.<\/p>\n<p>Program kapsam\u0131nda eski K\u00f6yce\u011fiz Kaymakaml\u0131\u011f\u0131 binas\u0131nda da incelemelerde bulunan Vali Akb\u0131y\u0131k, binan\u0131n mevcut durumu ve kullan\u0131m alanlar\u0131na ili\u015fkin yetkililerden bilgi ald\u0131. Vali Akb\u0131y\u0131k, ard\u0131ndan K\u00f6yce\u011fiz\u2019in \u00c7and\u0131r Mahallesi s\u0131n\u0131rlar\u0131nda yer alan Kaunos Antik Kenti\u2019ni ziyaret ederek, b\u00f6lgede y\u00fcr\u00fct\u00fclen kaz\u0131 ve restorasyon \u00e7al\u0131\u015fmalar\u0131 hakk\u0131nda bilgi ald\u0131. Kaunos Antik Kenti Kaz\u0131 Ba\u015fkan\u0131 Do\u00e7. Dr. Ufuk \u00c7\u00f6rt\u00fck taraf\u0131ndan yap\u0131lan bilgilendirmede, 2025 y\u0131l\u0131 kaz\u0131lar\u0131n\u0131n Arkaik Sur \u0130\u00e7i ve Manast\u0131r Sekt\u00f6r\u00fc\u2019nde yo\u011funla\u015ft\u0131\u011f\u0131 belirtildi.<\/p>\n<p>Do\u00e7. Dr. \u00c7\u00f6rt\u00fck, Gelece\u011fe Miras Projesi kapsam\u0131nda Ge\u00e7 Neolitik d\u00f6neme ait obsidyen aletler ile T\u00fcrk d\u00f6nemine ait \u00e7e\u015fitli eserlerin bulundu\u011funu, ayr\u0131ca Manast\u0131r alan\u0131nda ortaya \u00e7\u0131kar\u0131lan t\u0131p aletleri ve malzemelerin, buran\u0131n M.S. 2-3. y\u00fczy\u0131llarda bir sa\u011fl\u0131k merkezi olarak kullan\u0131ld\u0131\u011f\u0131n\u0131 i\u015faret etti\u011fini aktard\u0131.<\/p>\n<p>\u0130ncelemeler sonras\u0131nda a\u00e7\u0131klamalarda bulunan Vali Dr. \u0130dris Akb\u0131y\u0131k, Kaunos\u2019un yaln\u0131zca bir antik kent olmad\u0131\u011f\u0131n\u0131 vurgulayarak \u015fu ifadeleri kulland\u0131: &#8220;Kaunos, bu topraklar\u0131n haf\u0131zas\u0131d\u0131r. Her bir kaz\u0131, ge\u00e7mi\u015fi bug\u00fcne; bug\u00fcn\u00fc gelece\u011fe ba\u011flayan bir k\u00f6pr\u00fcd\u00fcr. Bizler de bu miras\u0131 korumak, ya\u015fatmak ve gelecek ku\u015faklara aktarmak i\u00e7in kararl\u0131l\u0131kla \u00e7al\u0131\u015fmaya devam edece\u011fiz&#8221;<\/p>\n<p>Vali Akb\u0131y\u0131k, Mu\u011fla\u2019n\u0131n tarihi ve k\u00fclt\u00fcrel miras\u0131na katk\u0131lar\u0131ndan dolay\u0131 Kaunos Antik Kenti Kaz\u0131 Ba\u015fkan\u0131 Do\u00e7. Dr. Ufuk \u00c7\u00f6rt\u00fck ba\u015fta olmak \u00fczere t\u00fcm kaz\u0131 ekibine te\u015fekk\u00fcr etti.<\/p>\n<p>K\u00f6yce\u011fiz program\u0131 kapsam\u0131nda il\u00e7edeki muhtarlarla da bir araya gelen Vali Akb\u0131y\u0131k, vatanda\u015flar\u0131n ihtiya\u00e7lar\u0131n\u0131 ve taleplerini do\u011frudan ileten muhtarlar\u0131n devletin sahadaki en \u00f6nemli temsilcileri oldu\u011funu belirtti. Toplant\u0131da il\u00e7enin genel durumu, kamu hizmetleri ve yerel sorunlar hakk\u0131nda isti\u015farelerde bulunuldu.<\/p>\n<p>Program\u0131n son b\u00f6l\u00fcm\u00fcnde K\u00f6yce\u011fiz G\u00f6l\u00fc \u00e7evresinde incelemelerde bulunan Vali Akb\u0131y\u0131k, g\u00f6l\u00fcn sahip oldu\u011fu do\u011fal g\u00fczellikler, su sporlar\u0131 potansiyeli ve ekoturizm imkanlar\u0131n\u0131n b\u00f6lge i\u00e7in b\u00fcy\u00fck bir de\u011fer ta\u015f\u0131d\u0131\u011f\u0131n\u0131 ifade etti.<\/p>\n<p>Vali Dr. \u0130dris Akb\u0131y\u0131k, K\u00f6yce\u011fiz ziyaretinde yapt\u0131\u011f\u0131 de\u011ferlendirmede, il\u00e7enin hem tarihi ve k\u00fclt\u00fcrel miras\u0131yla hem de do\u011fal zenginlikleriyle Mu\u011fla\u2019n\u0131n en \u00f6zel b\u00f6lgelerinden biri oldu\u011funu belirterek, bu potansiyeli koruyarak gelece\u011fe ta\u015f\u0131yacak projelere desteklerinin s\u00fcrece\u011fini vurgulad\u0131.<br \/><\/p>\n","protected":false},"excerpt":{"rendered":"<p>Mu\u011fla Valisi Dr. \u0130dris Akb\u0131y\u0131k, K\u00f6yce\u011fiz il\u00e7esinde bir dizi ziyaret ve incelemelerde bulunurken, Kaunos Antik kenti\u2019ni de gezdi. Vali Akb\u0131y\u0131k, Kaunos\u2019un yaln\u0131zca bir antik kent olmad\u0131\u011f\u0131n\u0131 vurgulay\u0131p &#8220;Kaunos, bu topraklar\u0131n haf\u0131zas\u0131d\u0131r&#8221; dedi. Vali Dr. \u0130dris Akb\u0131y\u0131k ve Kaymakam Mert Kumcu, ilk olarak yenilenen K\u00f6yce\u011fiz Su Sporlar\u0131 ve Kamp E\u011fitim Merkezi\u2019ni ziyaret etti. Ziyarette K\u00f6yce\u011fiz Su&#8230;<\/p>\n","protected":false},"author":1,"featured_media":66340,"comment_status":"open","ping_status":"open","sticky":false,"template":"","format":"standard","meta":{"_crdt_document":"","footnotes":""},"categories":[1],"tags":[],"class_list":["post-66339","post","type-post","status-publish","format-standard","has-post-thumbnail","hentry","category-guncel"],"_links":{"self":[{"href":"https:\/\/www.egemtv.com\/index.php?rest_route=\/wp\/v2\/posts\/66339","targetHints":{"allow":["GET"]}}],"collection":[{"href":"https:\/\/www.egemtv.com\/index.php?rest_route=\/wp\/v2\/posts"}],"about":[{"href":"https:\/\/www.egemtv.com\/index.php?rest_route=\/wp\/v2\/types\/post"}],"author":[{"embeddable":true,"href":"https:\/\/www.egemtv.com\/index.php?rest_route=\/wp\/v2\/users\/1"}],"replies":[{"embeddable":true,"href":"https:\/\/www.egemtv.com\/index.php?rest_route=%2Fwp%2Fv2%2Fcomments&post=66339"}],"version-history":[{"count":1,"href":"https:\/\/www.egemtv.com\/index.php?rest_route=\/wp\/v2\/posts\/66339\/revisions"}],"predecessor-version":[{"id":66341,"href":"https:\/\/www.egemtv.com\/index.php?rest_route=\/wp\/v2\/posts\/66339\/revisions\/66341"}],"wp:featuredmedia":[{"embeddable":true,"href":"https:\/\/www.egemtv.com\/index.php?rest_route=\/wp\/v2\/media\/66340"}],"wp:attachment":[{"href":"https:\/\/www.egemtv.com\/index.php?rest_route=%2Fwp%2Fv2%2Fmedia&parent=66339"}],"wp:term":[{"taxonomy":"category","embeddable":true,"href":"https:\/\/www.egemtv.com\/index.php?rest_route=%2Fwp%2Fv2%2Fcategories&post=66339"},{"taxonomy":"post_tag","embeddable":true,"href":"https:\/\/www.egemtv.com\/index.php?rest_route=%2Fwp%2Fv2%2Ftags&post=66339"}],"curies":[{"name":"wp","href":"https:\/\/api.w.org\/{rel}","templated":true}]}}