{"id":66330,"date":"2025-11-07T11:14:49","date_gmt":"2025-11-07T08:14:49","guid":{"rendered":"https:\/\/www.egemtv.com\/?p=66330"},"modified":"2025-11-07T11:14:50","modified_gmt":"2025-11-07T08:14:50","slug":"fethiyede-freni-patlayan-kamyon-ogrenci-servisine-carpti","status":"publish","type":"post","link":"https:\/\/www.egemtv.com\/?p=66330","title":{"rendered":"Fethiye\u2019de freni patlayan kamyon, \u00f6\u011frenci servisine \u00e7arpt\u0131"},"content":{"rendered":"<p>Mu\u011fla\u2019n\u0131n Fethiye il\u00e7esinde, freni patlayan kamyonun kar\u015f\u0131 \u015feride ge\u00e7erek \u00f6\u011frenci servisine \u00e7arpmas\u0131 sonucu meydana gelen trafik kazas\u0131nda 1 \u00f6\u011fretmen ve 21 \u00f6\u011frenci yaraland\u0131.<br \/>\n<br \/>Kaza, Patlang\u0131\u00e7 Mahallesi \u00d6l\u00fcdeniz Caddesi\u2019nde, sabah saatlerinde meydana geldi. Edinilen bilgilere g\u00f6re, yoku\u015f a\u015fa\u011f\u0131 seyir halindeyken fren sistemi ar\u0131zalanan S.D. idaresindeki 15 EH 760 plakal\u0131 kamyon, kontrolden \u00e7\u0131karak kar\u015f\u0131 \u015feride ge\u00e7ti ve i\u00e7inde \u00f6\u011frencilerin bulundu\u011fu B.T. idaresindeki 48 S 2880 plakal\u0131 servis minib\u00fcs\u00fcne \u00e7arpt\u0131. \u00c7arpman\u0131n etkisiyle serviste bulunan 1 \u00f6\u011fretmen ve 21 \u00f6\u011frenci hafif \u015fekilde yaraland\u0131. \u0130hbar \u00fczerine olay yerine \u00e7ok say\u0131da ambulans ve polis ekibi sevk edildi. Yaral\u0131 \u00f6\u011frenciler ambulanslarla \u00e7evredeki hastanelere kald\u0131r\u0131l\u0131rken, hayati tehlikelerinin bulunmad\u0131\u011f\u0131 \u00f6\u011frenildi.<br \/><\/p>\n","protected":false},"excerpt":{"rendered":"<p>Mu\u011fla\u2019n\u0131n Fethiye il\u00e7esinde, freni patlayan kamyonun kar\u015f\u0131 \u015feride ge\u00e7erek \u00f6\u011frenci servisine \u00e7arpmas\u0131 sonucu meydana gelen trafik kazas\u0131nda 1 \u00f6\u011fretmen ve 21 \u00f6\u011frenci yaraland\u0131. Kaza, Patlang\u0131\u00e7 Mahallesi \u00d6l\u00fcdeniz Caddesi\u2019nde, sabah saatlerinde meydana geldi. Edinilen bilgilere g\u00f6re, yoku\u015f a\u015fa\u011f\u0131 seyir halindeyken fren sistemi ar\u0131zalanan S.D. idaresindeki 15 EH 760 plakal\u0131 kamyon, kontrolden \u00e7\u0131karak kar\u015f\u0131 \u015feride ge\u00e7ti ve&#8230;<\/p>\n","protected":false},"author":1,"featured_media":66331,"comment_status":"open","ping_status":"open","sticky":false,"template":"","format":"standard","meta":{"_crdt_document":"","footnotes":""},"categories":[5],"tags":[],"class_list":["post-66330","post","type-post","status-publish","format-standard","has-post-thumbnail","hentry","category-asayis"],"_links":{"self":[{"href":"https:\/\/www.egemtv.com\/index.php?rest_route=\/wp\/v2\/posts\/66330","targetHints":{"allow":["GET"]}}],"collection":[{"href":"https:\/\/www.egemtv.com\/index.php?rest_route=\/wp\/v2\/posts"}],"about":[{"href":"https:\/\/www.egemtv.com\/index.php?rest_route=\/wp\/v2\/types\/post"}],"author":[{"embeddable":true,"href":"https:\/\/www.egemtv.com\/index.php?rest_route=\/wp\/v2\/users\/1"}],"replies":[{"embeddable":true,"href":"https:\/\/www.egemtv.com\/index.php?rest_route=%2Fwp%2Fv2%2Fcomments&post=66330"}],"version-history":[{"count":1,"href":"https:\/\/www.egemtv.com\/index.php?rest_route=\/wp\/v2\/posts\/66330\/revisions"}],"predecessor-version":[{"id":66332,"href":"https:\/\/www.egemtv.com\/index.php?rest_route=\/wp\/v2\/posts\/66330\/revisions\/66332"}],"wp:featuredmedia":[{"embeddable":true,"href":"https:\/\/www.egemtv.com\/index.php?rest_route=\/wp\/v2\/media\/66331"}],"wp:attachment":[{"href":"https:\/\/www.egemtv.com\/index.php?rest_route=%2Fwp%2Fv2%2Fmedia&parent=66330"}],"wp:term":[{"taxonomy":"category","embeddable":true,"href":"https:\/\/www.egemtv.com\/index.php?rest_route=%2Fwp%2Fv2%2Fcategories&post=66330"},{"taxonomy":"post_tag","embeddable":true,"href":"https:\/\/www.egemtv.com\/index.php?rest_route=%2Fwp%2Fv2%2Ftags&post=66330"}],"curies":[{"name":"wp","href":"https:\/\/api.w.org\/{rel}","templated":true}]}}