{"id":66267,"date":"2025-11-06T23:34:34","date_gmt":"2025-11-06T20:34:34","guid":{"rendered":"https:\/\/www.egemtv.com\/?p=66267"},"modified":"2025-11-06T23:34:36","modified_gmt":"2025-11-06T20:34:36","slug":"usakta-2-katli-evin-catisi-yandi","status":"publish","type":"post","link":"https:\/\/www.egemtv.com\/?p=66267","title":{"rendered":"U\u015fak\u2019ta 2 katl\u0131 evin \u00e7at\u0131s\u0131 yand\u0131"},"content":{"rendered":"<p>U\u015fak\u2019ta y\u0131ld\u0131r\u0131m d\u00fc\u015fmesi sonucu 2 katl\u0131 bir evin \u00e7at\u0131 kat\u0131nda \u00e7\u0131kan yang\u0131n, ekiplerin h\u0131zl\u0131 m\u00fcdahalesiyle s\u00f6nd\u00fcr\u00fcld\u00fc.<br \/>\n<br \/>Yang\u0131n, U\u015fak\u2019\u0131n Banaz il\u00e7esine ba\u011fl\u0131 Muratl\u0131 k\u00f6y\u00fcnde meydana geldi. Edinilen bilgilere g\u00f6re, H.\u0130.S\u2019ye ait ah\u015fap 2 katl\u0131 evin \u00e7at\u0131s\u0131na y\u0131ld\u0131r\u0131m d\u00fc\u015fmesi sonucu alevler y\u00fckseldi. K\u0131sa s\u00fcrede b\u00fcy\u00fcyen yang\u0131n, t\u00fcm \u00e7at\u0131 kat\u0131n\u0131 sard\u0131.<br \/>\n<br \/>\u00c7evredeki vatanda\u015flar\u0131n durumu 112 Acil \u00c7a\u011fr\u0131 Merkezi\u2019ne bildirmesi \u00fczerine b\u00f6lgeye sa\u011fl\u0131k, jandarma, Banaz Belediyesi \u0130tfaiyesi ve Banaz Orman \u0130\u015fletme M\u00fcd\u00fcrl\u00fc\u011f\u00fc ekipleri sevk edildi. Ekiplerin k\u0131sa s\u00fcrede m\u00fcdahale etti\u011fi yang\u0131n, b\u00fcy\u00fcmeden kontrol alt\u0131na al\u0131narak s\u00f6nd\u00fcr\u00fcld\u00fc.<br \/>\n<br \/>\u00d6te yandan, yang\u0131nda \u00e7at\u0131 kat\u0131nda hasar meydana gelirken, evin alt k\u0131sm\u0131nda bulunan b\u00fcy\u00fckba\u015f hayvanlar k\u00f6yl\u00fclerin yard\u0131m\u0131yla g\u00fcvenli bir b\u00f6lgeye g\u00f6t\u00fcr\u00fcld\u00fc.<br \/><\/p>\n","protected":false},"excerpt":{"rendered":"<p>U\u015fak\u2019ta y\u0131ld\u0131r\u0131m d\u00fc\u015fmesi sonucu 2 katl\u0131 bir evin \u00e7at\u0131 kat\u0131nda \u00e7\u0131kan yang\u0131n, ekiplerin h\u0131zl\u0131 m\u00fcdahalesiyle s\u00f6nd\u00fcr\u00fcld\u00fc. Yang\u0131n, U\u015fak\u2019\u0131n Banaz il\u00e7esine ba\u011fl\u0131 Muratl\u0131 k\u00f6y\u00fcnde meydana geldi. Edinilen bilgilere g\u00f6re, H.\u0130.S\u2019ye ait ah\u015fap 2 katl\u0131 evin \u00e7at\u0131s\u0131na y\u0131ld\u0131r\u0131m d\u00fc\u015fmesi sonucu alevler y\u00fckseldi. K\u0131sa s\u00fcrede b\u00fcy\u00fcyen yang\u0131n, t\u00fcm \u00e7at\u0131 kat\u0131n\u0131 sard\u0131. \u00c7evredeki vatanda\u015flar\u0131n durumu 112 Acil \u00c7a\u011fr\u0131 Merkezi\u2019ne&#8230;<\/p>\n","protected":false},"author":1,"featured_media":66268,"comment_status":"open","ping_status":"open","sticky":false,"template":"","format":"standard","meta":{"_crdt_document":"","footnotes":""},"categories":[5],"tags":[],"class_list":["post-66267","post","type-post","status-publish","format-standard","has-post-thumbnail","hentry","category-asayis"],"_links":{"self":[{"href":"https:\/\/www.egemtv.com\/index.php?rest_route=\/wp\/v2\/posts\/66267","targetHints":{"allow":["GET"]}}],"collection":[{"href":"https:\/\/www.egemtv.com\/index.php?rest_route=\/wp\/v2\/posts"}],"about":[{"href":"https:\/\/www.egemtv.com\/index.php?rest_route=\/wp\/v2\/types\/post"}],"author":[{"embeddable":true,"href":"https:\/\/www.egemtv.com\/index.php?rest_route=\/wp\/v2\/users\/1"}],"replies":[{"embeddable":true,"href":"https:\/\/www.egemtv.com\/index.php?rest_route=%2Fwp%2Fv2%2Fcomments&post=66267"}],"version-history":[{"count":1,"href":"https:\/\/www.egemtv.com\/index.php?rest_route=\/wp\/v2\/posts\/66267\/revisions"}],"predecessor-version":[{"id":66269,"href":"https:\/\/www.egemtv.com\/index.php?rest_route=\/wp\/v2\/posts\/66267\/revisions\/66269"}],"wp:featuredmedia":[{"embeddable":true,"href":"https:\/\/www.egemtv.com\/index.php?rest_route=\/wp\/v2\/media\/66268"}],"wp:attachment":[{"href":"https:\/\/www.egemtv.com\/index.php?rest_route=%2Fwp%2Fv2%2Fmedia&parent=66267"}],"wp:term":[{"taxonomy":"category","embeddable":true,"href":"https:\/\/www.egemtv.com\/index.php?rest_route=%2Fwp%2Fv2%2Fcategories&post=66267"},{"taxonomy":"post_tag","embeddable":true,"href":"https:\/\/www.egemtv.com\/index.php?rest_route=%2Fwp%2Fv2%2Ftags&post=66267"}],"curies":[{"name":"wp","href":"https:\/\/api.w.org\/{rel}","templated":true}]}}