{"id":66264,"date":"2025-11-06T21:14:38","date_gmt":"2025-11-06T18:14:38","guid":{"rendered":"https:\/\/www.egemtv.com\/?p=66264"},"modified":"2025-11-06T21:14:40","modified_gmt":"2025-11-06T18:14:40","slug":"datcada-yesil-vatan-seferberligi","status":"publish","type":"post","link":"https:\/\/www.egemtv.com\/?p=66264","title":{"rendered":"Dat\u00e7a\u2019da \u2018Ye\u015fil Vatan\u2019 seferberli\u011fi"},"content":{"rendered":"<p>Mu\u011fla\u2019n\u0131n Dat\u00e7a il\u00e7esinde Dat\u00e7a Orman \u0130\u015fletme \u015eefli\u011fi ekipleri, \u2018Gelece\u011fe Nefes-Ye\u015fil Vatan Seferberli\u011fi\u2019 projesi kapsam\u0131nda il\u00e7e merkezinde \u00fccretsiz fidan da\u011f\u0131t\u0131m\u0131 yapt\u0131.<br \/>\n<br \/>Dat\u00e7a Orman \u0130\u015fletme \u015eefi \u0130sa At\u0131gan ve Emecik Orman \u0130\u015fletme \u015eefi Aytu\u011f Ye\u011fnidemir\u2019in koordinesinde kurulan stantlarda, badem, ke\u00e7iboynuzu, defne ve biberiye t\u00fcrlerinden fidanlar vatanda\u015flara teslim edildi. 250 badem, 250 ke\u00e7iboynuzu, 250 defne ve 250 biberiye fidan\u0131n\u0131n halk\u0131n kendi bah\u00e7elerine, tarlalar\u0131na ve uygun g\u00f6rd\u00fckleri alanlara dikilmek \u00fczere verildi\u011fini a\u00e7\u0131kland\u0131. Fidan da\u011f\u0131t\u0131m\u0131n\u0131n 11 Kas\u0131m Milli A\u011fa\u00e7land\u0131rma G\u00fcn\u00fc\u2019ne kadar s\u00fcrece\u011fi kaydedildi.<br \/>\n<br \/>Ye\u015fil Vatan Seferberli\u011fi kapsam\u0131nda 11 Kas\u0131m g\u00fcn\u00fc T\u00fcrkiye genelinde oldu\u011fu gibi Dat\u00e7a\u2019da da belirlenen alanlarda toplu fidan dikim etkinli\u011fi d\u00fczenlenecek. Vatanda\u015flar, gelecegenefes.gov.tr \u00fczerinden isimlerine fidan sahiplenme imk\u00e2n\u0131na sahip.<br \/><\/p>\n","protected":false},"excerpt":{"rendered":"<p>Mu\u011fla\u2019n\u0131n Dat\u00e7a il\u00e7esinde Dat\u00e7a Orman \u0130\u015fletme \u015eefli\u011fi ekipleri, \u2018Gelece\u011fe Nefes-Ye\u015fil Vatan Seferberli\u011fi\u2019 projesi kapsam\u0131nda il\u00e7e merkezinde \u00fccretsiz fidan da\u011f\u0131t\u0131m\u0131 yapt\u0131. Dat\u00e7a Orman \u0130\u015fletme \u015eefi \u0130sa At\u0131gan ve Emecik Orman \u0130\u015fletme \u015eefi Aytu\u011f Ye\u011fnidemir\u2019in koordinesinde kurulan stantlarda, badem, ke\u00e7iboynuzu, defne ve biberiye t\u00fcrlerinden fidanlar vatanda\u015flara teslim edildi. 250 badem, 250 ke\u00e7iboynuzu, 250 defne ve 250 biberiye&#8230;<\/p>\n","protected":false},"author":1,"featured_media":66265,"comment_status":"open","ping_status":"open","sticky":false,"template":"","format":"standard","meta":{"_crdt_document":"","footnotes":""},"categories":[1],"tags":[],"class_list":["post-66264","post","type-post","status-publish","format-standard","has-post-thumbnail","hentry","category-guncel"],"_links":{"self":[{"href":"https:\/\/www.egemtv.com\/index.php?rest_route=\/wp\/v2\/posts\/66264","targetHints":{"allow":["GET"]}}],"collection":[{"href":"https:\/\/www.egemtv.com\/index.php?rest_route=\/wp\/v2\/posts"}],"about":[{"href":"https:\/\/www.egemtv.com\/index.php?rest_route=\/wp\/v2\/types\/post"}],"author":[{"embeddable":true,"href":"https:\/\/www.egemtv.com\/index.php?rest_route=\/wp\/v2\/users\/1"}],"replies":[{"embeddable":true,"href":"https:\/\/www.egemtv.com\/index.php?rest_route=%2Fwp%2Fv2%2Fcomments&post=66264"}],"version-history":[{"count":1,"href":"https:\/\/www.egemtv.com\/index.php?rest_route=\/wp\/v2\/posts\/66264\/revisions"}],"predecessor-version":[{"id":66266,"href":"https:\/\/www.egemtv.com\/index.php?rest_route=\/wp\/v2\/posts\/66264\/revisions\/66266"}],"wp:featuredmedia":[{"embeddable":true,"href":"https:\/\/www.egemtv.com\/index.php?rest_route=\/wp\/v2\/media\/66265"}],"wp:attachment":[{"href":"https:\/\/www.egemtv.com\/index.php?rest_route=%2Fwp%2Fv2%2Fmedia&parent=66264"}],"wp:term":[{"taxonomy":"category","embeddable":true,"href":"https:\/\/www.egemtv.com\/index.php?rest_route=%2Fwp%2Fv2%2Fcategories&post=66264"},{"taxonomy":"post_tag","embeddable":true,"href":"https:\/\/www.egemtv.com\/index.php?rest_route=%2Fwp%2Fv2%2Ftags&post=66264"}],"curies":[{"name":"wp","href":"https:\/\/api.w.org\/{rel}","templated":true}]}}