{"id":66261,"date":"2025-11-06T20:34:43","date_gmt":"2025-11-06T17:34:43","guid":{"rendered":"https:\/\/www.egemtv.com\/?p=66261"},"modified":"2025-11-06T20:34:45","modified_gmt":"2025-11-06T17:34:45","slug":"burdurda-traktor-devrildi-1-olu-1-yarali","status":"publish","type":"post","link":"https:\/\/www.egemtv.com\/?p=66261","title":{"rendered":"Burdur\u2019da trakt\u00f6r devrildi: 1 \u00f6l\u00fc, 1 yaral\u0131"},"content":{"rendered":"<p>Burdur\u2019un Bucak il\u00e7esinde meydana gelen kazada devrilen trakt\u00f6r\u00fcn alt\u0131nda kalan s\u00fcr\u00fcc\u00fc hayat\u0131n\u0131 kaybederken, 1 ki\u015fi de yaraland\u0131.<br \/>\n<br \/>Kaza, ak\u015fam saatlerinde Bucak il\u00e7esine ba\u011fl\u0131 Elsaz\u0131 k\u00f6y\u00fcnde meydana geldi. Edinilen bilgiye g\u00f6re, \u0130sa Alican (48) idaresindeki 07 PL 569 plakal\u0131 trakt\u00f6r, s\u00fcr\u00fcc\u00fcs\u00fcn\u00fcn direksiyon hakimiyetini kaybetmesi sonucu devrildi. S\u00fcr\u00fcc\u00fc Alican trakt\u00f6r\u00fcn alt\u0131nda kalarak hayat\u0131n\u0131 kaybederken, arac\u0131n alt\u0131nda kalmaktan son anda kurtulan T.A. (15) yaraland\u0131. \u00c7evredeki vatanda\u015flar\u0131n ihbar\u0131 \u00fczerine b\u00f6lgeye itfaiye, sa\u011fl\u0131k ve jandarma ekipleri sevk edildi. Yaral\u0131 \u00e7ocuk, sa\u011fl\u0131k ekipleri taraf\u0131ndan yap\u0131lan ilk m\u00fcdahalenin ard\u0131ndan ambulansla Bucak Devlet Hastanesine kald\u0131r\u0131larak tedavi alt\u0131na al\u0131nd\u0131. \u0130sa Alican\u2019\u0131n cans\u0131z bedeni ise ekipler taraf\u0131ndan yap\u0131lan incelemenin ard\u0131ndan morga kald\u0131r\u0131ld\u0131.<br \/>\n<br \/>Kazayla ilgili tahkikat ba\u015flat\u0131ld\u0131.<br \/><\/p>\n","protected":false},"excerpt":{"rendered":"<p>Burdur\u2019un Bucak il\u00e7esinde meydana gelen kazada devrilen trakt\u00f6r\u00fcn alt\u0131nda kalan s\u00fcr\u00fcc\u00fc hayat\u0131n\u0131 kaybederken, 1 ki\u015fi de yaraland\u0131. Kaza, ak\u015fam saatlerinde Bucak il\u00e7esine ba\u011fl\u0131 Elsaz\u0131 k\u00f6y\u00fcnde meydana geldi. Edinilen bilgiye g\u00f6re, \u0130sa Alican (48) idaresindeki 07 PL 569 plakal\u0131 trakt\u00f6r, s\u00fcr\u00fcc\u00fcs\u00fcn\u00fcn direksiyon hakimiyetini kaybetmesi sonucu devrildi. S\u00fcr\u00fcc\u00fc Alican trakt\u00f6r\u00fcn alt\u0131nda kalarak hayat\u0131n\u0131 kaybederken, arac\u0131n alt\u0131nda kalmaktan&#8230;<\/p>\n","protected":false},"author":1,"featured_media":66262,"comment_status":"open","ping_status":"open","sticky":false,"template":"","format":"standard","meta":{"_crdt_document":"","footnotes":""},"categories":[5],"tags":[],"class_list":["post-66261","post","type-post","status-publish","format-standard","has-post-thumbnail","hentry","category-asayis"],"_links":{"self":[{"href":"https:\/\/www.egemtv.com\/index.php?rest_route=\/wp\/v2\/posts\/66261","targetHints":{"allow":["GET"]}}],"collection":[{"href":"https:\/\/www.egemtv.com\/index.php?rest_route=\/wp\/v2\/posts"}],"about":[{"href":"https:\/\/www.egemtv.com\/index.php?rest_route=\/wp\/v2\/types\/post"}],"author":[{"embeddable":true,"href":"https:\/\/www.egemtv.com\/index.php?rest_route=\/wp\/v2\/users\/1"}],"replies":[{"embeddable":true,"href":"https:\/\/www.egemtv.com\/index.php?rest_route=%2Fwp%2Fv2%2Fcomments&post=66261"}],"version-history":[{"count":1,"href":"https:\/\/www.egemtv.com\/index.php?rest_route=\/wp\/v2\/posts\/66261\/revisions"}],"predecessor-version":[{"id":66263,"href":"https:\/\/www.egemtv.com\/index.php?rest_route=\/wp\/v2\/posts\/66261\/revisions\/66263"}],"wp:featuredmedia":[{"embeddable":true,"href":"https:\/\/www.egemtv.com\/index.php?rest_route=\/wp\/v2\/media\/66262"}],"wp:attachment":[{"href":"https:\/\/www.egemtv.com\/index.php?rest_route=%2Fwp%2Fv2%2Fmedia&parent=66261"}],"wp:term":[{"taxonomy":"category","embeddable":true,"href":"https:\/\/www.egemtv.com\/index.php?rest_route=%2Fwp%2Fv2%2Fcategories&post=66261"},{"taxonomy":"post_tag","embeddable":true,"href":"https:\/\/www.egemtv.com\/index.php?rest_route=%2Fwp%2Fv2%2Ftags&post=66261"}],"curies":[{"name":"wp","href":"https:\/\/api.w.org\/{rel}","templated":true}]}}