{"id":66258,"date":"2025-11-06T20:14:47","date_gmt":"2025-11-06T17:14:47","guid":{"rendered":"https:\/\/www.egemtv.com\/?p=66258"},"modified":"2025-11-06T20:14:48","modified_gmt":"2025-11-06T17:14:48","slug":"burdurda-belediyenin-kazi-calismasi-sirasinda-insan-kemikleri-bulundu","status":"publish","type":"post","link":"https:\/\/www.egemtv.com\/?p=66258","title":{"rendered":"Burdur\u2019da belediyenin kaz\u0131 \u00e7al\u0131\u015fmas\u0131 s\u0131ras\u0131nda insan kemikleri bulundu"},"content":{"rendered":"<p>Burdur\u2019da belediye ekiplerinin kaz\u0131 \u00e7al\u0131\u015fmas\u0131 s\u0131ras\u0131nda insan kemikleri bulundu. Eskiden b\u00f6lgenin mezarl\u0131k oldu\u011fu \u00f6\u011frenilirken, ekiplerin incelemesinin ard\u0131ndan kemikler tekrar topra\u011fa g\u00f6m\u00fcld\u00fc.<br \/>\n<br \/>Olay, saat 17.30 s\u0131ralar\u0131nda Karasenir Mahallesi Karasenir Caddesi \u00fczerinde meydana geldi. Edinilen bilgiye g\u00f6re, belediye ekipleri taraf\u0131ndan istinat duvar\u0131 in\u015fas\u0131 i\u00e7in yap\u0131lan kaz\u0131 s\u0131ras\u0131nda insan kemi\u011fi oldu\u011fu de\u011ferlendirilen kemikler bulundu. \u0130hbar \u00fczerine olay yerine polis ekipleri sevk edildi. Ekipler taraf\u0131ndan yap\u0131lan ara\u015ft\u0131rmada b\u00f6lgenin eski bir mezarl\u0131k oldu\u011fu ortaya \u00e7\u0131kt\u0131. Yap\u0131lan incelemenin ard\u0131ndan kemikler, kep\u00e7eyle tekrar bulunduklar\u0131 yere g\u00f6m\u00fcld\u00fc.<br \/>\n<br \/>Mahalle sakinleri b\u00f6lgenin eskiden mezarl\u0131k oldu\u011funu belirterek, kemikleri g\u00f6rd\u00fcklerinde ihbarda bulunduklar\u0131n\u0131 ifade ettiler. Olayla ilgili tahkikat ba\u015flat\u0131ld\u0131.<br \/><\/p>\n","protected":false},"excerpt":{"rendered":"<p>Burdur\u2019da belediye ekiplerinin kaz\u0131 \u00e7al\u0131\u015fmas\u0131 s\u0131ras\u0131nda insan kemikleri bulundu. Eskiden b\u00f6lgenin mezarl\u0131k oldu\u011fu \u00f6\u011frenilirken, ekiplerin incelemesinin ard\u0131ndan kemikler tekrar topra\u011fa g\u00f6m\u00fcld\u00fc. Olay, saat 17.30 s\u0131ralar\u0131nda Karasenir Mahallesi Karasenir Caddesi \u00fczerinde meydana geldi. Edinilen bilgiye g\u00f6re, belediye ekipleri taraf\u0131ndan istinat duvar\u0131 in\u015fas\u0131 i\u00e7in yap\u0131lan kaz\u0131 s\u0131ras\u0131nda insan kemi\u011fi oldu\u011fu de\u011ferlendirilen kemikler bulundu. \u0130hbar \u00fczerine olay yerine&#8230;<\/p>\n","protected":false},"author":1,"featured_media":66259,"comment_status":"open","ping_status":"open","sticky":false,"template":"","format":"standard","meta":{"_crdt_document":"","footnotes":""},"categories":[5],"tags":[],"class_list":["post-66258","post","type-post","status-publish","format-standard","has-post-thumbnail","hentry","category-asayis"],"_links":{"self":[{"href":"https:\/\/www.egemtv.com\/index.php?rest_route=\/wp\/v2\/posts\/66258","targetHints":{"allow":["GET"]}}],"collection":[{"href":"https:\/\/www.egemtv.com\/index.php?rest_route=\/wp\/v2\/posts"}],"about":[{"href":"https:\/\/www.egemtv.com\/index.php?rest_route=\/wp\/v2\/types\/post"}],"author":[{"embeddable":true,"href":"https:\/\/www.egemtv.com\/index.php?rest_route=\/wp\/v2\/users\/1"}],"replies":[{"embeddable":true,"href":"https:\/\/www.egemtv.com\/index.php?rest_route=%2Fwp%2Fv2%2Fcomments&post=66258"}],"version-history":[{"count":1,"href":"https:\/\/www.egemtv.com\/index.php?rest_route=\/wp\/v2\/posts\/66258\/revisions"}],"predecessor-version":[{"id":66260,"href":"https:\/\/www.egemtv.com\/index.php?rest_route=\/wp\/v2\/posts\/66258\/revisions\/66260"}],"wp:featuredmedia":[{"embeddable":true,"href":"https:\/\/www.egemtv.com\/index.php?rest_route=\/wp\/v2\/media\/66259"}],"wp:attachment":[{"href":"https:\/\/www.egemtv.com\/index.php?rest_route=%2Fwp%2Fv2%2Fmedia&parent=66258"}],"wp:term":[{"taxonomy":"category","embeddable":true,"href":"https:\/\/www.egemtv.com\/index.php?rest_route=%2Fwp%2Fv2%2Fcategories&post=66258"},{"taxonomy":"post_tag","embeddable":true,"href":"https:\/\/www.egemtv.com\/index.php?rest_route=%2Fwp%2Fv2%2Ftags&post=66258"}],"curies":[{"name":"wp","href":"https:\/\/api.w.org\/{rel}","templated":true}]}}