{"id":66255,"date":"2025-11-06T19:55:42","date_gmt":"2025-11-06T16:55:42","guid":{"rendered":"https:\/\/www.egemtv.com\/?p=66255"},"modified":"2025-11-06T19:55:54","modified_gmt":"2025-11-06T16:55:54","slug":"buyuksehirin-ata-tohumlarina-cinede-yogun-ilgi","status":"publish","type":"post","link":"https:\/\/www.egemtv.com\/?p=66255","title":{"rendered":"B\u00fcy\u00fck\u015fehir\u2019in ata tohumlar\u0131na \u00c7ine\u2019de yo\u011fun ilgi"},"content":{"rendered":"<p>Ata tohumlar\u0131n\u0131n gelecek ku\u015faklara aktar\u0131lmas\u0131 i\u00e7in Ayd\u0131n B\u00fcy\u00fck\u015fehir Belediyesi taraf\u0131ndan y\u00fcr\u00fct\u00fclen \u00e7al\u0131\u015fmalar kapsam\u0131nda \u00c7ine\u2019de \u00fccretsiz fide da\u011f\u0131t\u0131m\u0131 ger\u00e7ekle\u015ftirilirken, vatanda\u015flar yo\u011fun ilgi g\u00f6sterdi.<\/p>\n<p>Ayd\u0131n B\u00fcy\u00fck\u015fehir Belediyesi, ata tohumlar\u0131n\u0131n gelecek nesillere ula\u015ft\u0131r\u0131lmas\u0131 ve korunmas\u0131 i\u00e7in ba\u015flatt\u0131\u011f\u0131 \u00e7al\u0131\u015fmalar\u0131n\u0131 aral\u0131ks\u0131z s\u00fcrd\u00fcr\u00fcyor. B\u00fcy\u00fck\u015fehir Belediyesi\u2019ne ait fidanl\u0131klarda tamamen ata tohumlar\u0131ndan yeti\u015ftirilen fideler, kentin farkl\u0131 noktalar\u0131nda vatanda\u015flara da\u011f\u0131t\u0131l\u0131yor. B\u00f6ylece hem ata tohumlar\u0131n\u0131n korunmas\u0131 sa\u011flan\u0131yor hem de vatanda\u015flar\u0131n kendi bah\u00e7elerinde sa\u011fl\u0131kl\u0131 \u00fcretim yapmas\u0131n\u0131n \u00f6n\u00fc a\u00e7\u0131l\u0131yor. B\u00fcy\u00fck\u015fehir Belediyesi taraf\u0131ndan yeti\u015ftirilen marul, lahana, karnabahar ve brokoli fidelerinin da\u011f\u0131t\u0131m\u0131 \u00c7ine\u2019de ger\u00e7ekle\u015ftirildi. Vatanda\u015flar, \u00fccretsiz da\u011f\u0131t\u0131lan fidelerle aileleri ile birlikte g\u00fcvenilir, sa\u011fl\u0131kl\u0131, taze ve do\u011fal \u00fcr\u00fcn t\u00fcketmenin mutlulu\u011funu ya\u015fad\u0131klar\u0131n\u0131 belirterek Ayd\u0131n B\u00fcy\u00fck\u015fehir Belediye Ba\u015fkan\u0131 \u00d6zlem \u00c7er\u00e7io\u011flu\u2019na te\u015fekk\u00fcr etti.<\/p>\n<p>&#8220;Ata tohumlar\u0131, gelece\u011fe b\u0131rakaca\u011f\u0131m\u0131z en de\u011ferli miraslardan biridir&#8221;<br \/>\n<br \/>Ayd\u0131n B\u00fcy\u00fck\u015fehir Belediye Ba\u015fkan\u0131 \u00d6zlem \u00c7er\u00e7io\u011flu, ata tohumlar\u0131n\u0131n yaln\u0131zca \u00fcretim de\u011fil, ayn\u0131 zamanda bir k\u00fclt\u00fcr miras\u0131 oldu\u011funu belirtti. Ba\u015fkan \u00c7er\u00e7io\u011flu; &#8220;Fidanl\u0131klar\u0131m\u0131zda \u00fcretiminin devaml\u0131l\u0131\u011f\u0131n\u0131 sa\u011flad\u0131\u011f\u0131m\u0131z ata tohumlar\u0131n\u0131 vatanda\u015flar\u0131m\u0131zla bulu\u015fturmaya devam ediyoruz. Bu \u00e7al\u0131\u015fmayla hem \u00fcretimi canl\u0131 tutuyoruz hem de ata tohumlar\u0131n\u0131n gelecek ku\u015faklara aktar\u0131lmas\u0131n\u0131 sa\u011fl\u0131yoruz. Ayd\u0131n\u2019\u0131n bereketini halk\u0131m\u0131zla payla\u015fmay\u0131 s\u00fcrd\u00fcrece\u011fiz&#8221; ifadelerini kulland\u0131.<br \/><\/p>\n","protected":false},"excerpt":{"rendered":"<p>Ata tohumlar\u0131n\u0131n gelecek ku\u015faklara aktar\u0131lmas\u0131 i\u00e7in Ayd\u0131n B\u00fcy\u00fck\u015fehir Belediyesi taraf\u0131ndan y\u00fcr\u00fct\u00fclen \u00e7al\u0131\u015fmalar kapsam\u0131nda \u00c7ine\u2019de \u00fccretsiz fide da\u011f\u0131t\u0131m\u0131 ger\u00e7ekle\u015ftirilirken, vatanda\u015flar yo\u011fun ilgi g\u00f6sterdi. Ayd\u0131n B\u00fcy\u00fck\u015fehir Belediyesi, ata tohumlar\u0131n\u0131n gelecek nesillere ula\u015ft\u0131r\u0131lmas\u0131 ve korunmas\u0131 i\u00e7in ba\u015flatt\u0131\u011f\u0131 \u00e7al\u0131\u015fmalar\u0131n\u0131 aral\u0131ks\u0131z s\u00fcrd\u00fcr\u00fcyor. B\u00fcy\u00fck\u015fehir Belediyesi\u2019ne ait fidanl\u0131klarda tamamen ata tohumlar\u0131ndan yeti\u015ftirilen fideler, kentin farkl\u0131 noktalar\u0131nda vatanda\u015flara da\u011f\u0131t\u0131l\u0131yor. B\u00f6ylece hem ata tohumlar\u0131n\u0131n&#8230;<\/p>\n","protected":false},"author":1,"featured_media":66256,"comment_status":"open","ping_status":"open","sticky":false,"template":"","format":"standard","meta":{"_crdt_document":"","footnotes":""},"categories":[1],"tags":[],"class_list":["post-66255","post","type-post","status-publish","format-standard","has-post-thumbnail","hentry","category-guncel"],"_links":{"self":[{"href":"https:\/\/www.egemtv.com\/index.php?rest_route=\/wp\/v2\/posts\/66255","targetHints":{"allow":["GET"]}}],"collection":[{"href":"https:\/\/www.egemtv.com\/index.php?rest_route=\/wp\/v2\/posts"}],"about":[{"href":"https:\/\/www.egemtv.com\/index.php?rest_route=\/wp\/v2\/types\/post"}],"author":[{"embeddable":true,"href":"https:\/\/www.egemtv.com\/index.php?rest_route=\/wp\/v2\/users\/1"}],"replies":[{"embeddable":true,"href":"https:\/\/www.egemtv.com\/index.php?rest_route=%2Fwp%2Fv2%2Fcomments&post=66255"}],"version-history":[{"count":1,"href":"https:\/\/www.egemtv.com\/index.php?rest_route=\/wp\/v2\/posts\/66255\/revisions"}],"predecessor-version":[{"id":66257,"href":"https:\/\/www.egemtv.com\/index.php?rest_route=\/wp\/v2\/posts\/66255\/revisions\/66257"}],"wp:featuredmedia":[{"embeddable":true,"href":"https:\/\/www.egemtv.com\/index.php?rest_route=\/wp\/v2\/media\/66256"}],"wp:attachment":[{"href":"https:\/\/www.egemtv.com\/index.php?rest_route=%2Fwp%2Fv2%2Fmedia&parent=66255"}],"wp:term":[{"taxonomy":"category","embeddable":true,"href":"https:\/\/www.egemtv.com\/index.php?rest_route=%2Fwp%2Fv2%2Fcategories&post=66255"},{"taxonomy":"post_tag","embeddable":true,"href":"https:\/\/www.egemtv.com\/index.php?rest_route=%2Fwp%2Fv2%2Ftags&post=66255"}],"curies":[{"name":"wp","href":"https:\/\/api.w.org\/{rel}","templated":true}]}}