{"id":66252,"date":"2025-11-06T18:54:36","date_gmt":"2025-11-06T15:54:36","guid":{"rendered":"https:\/\/www.egemtv.com\/?p=66252"},"modified":"2025-11-06T18:54:37","modified_gmt":"2025-11-06T15:54:37","slug":"aydinda-aranan-sahis-muglada-yakalandi","status":"publish","type":"post","link":"https:\/\/www.egemtv.com\/?p=66252","title":{"rendered":"Ayd\u0131n\u2019da aranan \u015fah\u0131s Mu\u011fla\u2019da yakaland\u0131"},"content":{"rendered":"<p>Ayd\u0131n\u2019da ya\u011fma ve h\u0131rs\u0131zl\u0131k su\u00e7lar\u0131ndan 27 y\u0131l hapis cezas\u0131 ile aranan \u015fah\u0131s, Mu\u011fla\u2019n\u0131n Dat\u00e7a il\u00e7esinde yakaland\u0131.<br \/>\n<br \/>Ayd\u0131n \u0130l Emniyet M\u00fcd\u00fcrl\u00fc\u011f\u00fc Asayi\u015f \u015eube M\u00fcd\u00fcrl\u00fc\u011f\u00fc koordinesinde aranan \u015fah\u0131slar\u0131n yakalanmas\u0131na y\u00f6nelik s\u00fcrd\u00fcr\u00fclen \u00e7al\u0131\u015fmalar aral\u0131ks\u0131z devam ediyor. Edinilen bilgiye g\u00f6re ekipler, \u2019ya\u011fma ve h\u0131rs\u0131zl\u0131k\u2019 su\u00e7lar\u0131ndan toplam 27 y\u0131l 4 ay kesinle\u015fmi\u015f hapis cezas\u0131 ile ar\u0131nan E.B.\u2019nin Mu\u011fla\u2019da oldu\u011funu tespit etti. Operasyon i\u00e7in harekete ge\u00e7en ekipler, E.B.\u2019yi Dat\u00e7a il\u00e7esi Karg\u0131 mevkiindeki ormanl\u0131k alanda k\u0131sk\u0131vrak yakalad\u0131. G\u00f6zalt\u0131na al\u0131nan \u015f\u00fcpheli \u015fah\u0131s gerekli i\u015flemlerinin ard\u0131ndan sevk edildi\u011fi adli makamlarca tutuklanarak cezaevine g\u00f6nderildi.<br \/><\/p>\n","protected":false},"excerpt":{"rendered":"<p>Ayd\u0131n\u2019da ya\u011fma ve h\u0131rs\u0131zl\u0131k su\u00e7lar\u0131ndan 27 y\u0131l hapis cezas\u0131 ile aranan \u015fah\u0131s, Mu\u011fla\u2019n\u0131n Dat\u00e7a il\u00e7esinde yakaland\u0131. Ayd\u0131n \u0130l Emniyet M\u00fcd\u00fcrl\u00fc\u011f\u00fc Asayi\u015f \u015eube M\u00fcd\u00fcrl\u00fc\u011f\u00fc koordinesinde aranan \u015fah\u0131slar\u0131n yakalanmas\u0131na y\u00f6nelik s\u00fcrd\u00fcr\u00fclen \u00e7al\u0131\u015fmalar aral\u0131ks\u0131z devam ediyor. Edinilen bilgiye g\u00f6re ekipler, \u2019ya\u011fma ve h\u0131rs\u0131zl\u0131k\u2019 su\u00e7lar\u0131ndan toplam 27 y\u0131l 4 ay kesinle\u015fmi\u015f hapis cezas\u0131 ile ar\u0131nan E.B.\u2019nin Mu\u011fla\u2019da oldu\u011funu tespit&#8230;<\/p>\n","protected":false},"author":1,"featured_media":66253,"comment_status":"open","ping_status":"open","sticky":false,"template":"","format":"standard","meta":{"_crdt_document":"","footnotes":""},"categories":[5],"tags":[],"class_list":["post-66252","post","type-post","status-publish","format-standard","has-post-thumbnail","hentry","category-asayis"],"_links":{"self":[{"href":"https:\/\/www.egemtv.com\/index.php?rest_route=\/wp\/v2\/posts\/66252","targetHints":{"allow":["GET"]}}],"collection":[{"href":"https:\/\/www.egemtv.com\/index.php?rest_route=\/wp\/v2\/posts"}],"about":[{"href":"https:\/\/www.egemtv.com\/index.php?rest_route=\/wp\/v2\/types\/post"}],"author":[{"embeddable":true,"href":"https:\/\/www.egemtv.com\/index.php?rest_route=\/wp\/v2\/users\/1"}],"replies":[{"embeddable":true,"href":"https:\/\/www.egemtv.com\/index.php?rest_route=%2Fwp%2Fv2%2Fcomments&post=66252"}],"version-history":[{"count":1,"href":"https:\/\/www.egemtv.com\/index.php?rest_route=\/wp\/v2\/posts\/66252\/revisions"}],"predecessor-version":[{"id":66254,"href":"https:\/\/www.egemtv.com\/index.php?rest_route=\/wp\/v2\/posts\/66252\/revisions\/66254"}],"wp:featuredmedia":[{"embeddable":true,"href":"https:\/\/www.egemtv.com\/index.php?rest_route=\/wp\/v2\/media\/66253"}],"wp:attachment":[{"href":"https:\/\/www.egemtv.com\/index.php?rest_route=%2Fwp%2Fv2%2Fmedia&parent=66252"}],"wp:term":[{"taxonomy":"category","embeddable":true,"href":"https:\/\/www.egemtv.com\/index.php?rest_route=%2Fwp%2Fv2%2Fcategories&post=66252"},{"taxonomy":"post_tag","embeddable":true,"href":"https:\/\/www.egemtv.com\/index.php?rest_route=%2Fwp%2Fv2%2Ftags&post=66252"}],"curies":[{"name":"wp","href":"https:\/\/api.w.org\/{rel}","templated":true}]}}