{"id":66249,"date":"2025-11-06T18:34:42","date_gmt":"2025-11-06T15:34:42","guid":{"rendered":"https:\/\/www.egemtv.com\/?p=66249"},"modified":"2025-11-06T18:34:44","modified_gmt":"2025-11-06T15:34:44","slug":"aliaga-atasini-saygi-ve-ozlemle-anacak","status":"publish","type":"post","link":"https:\/\/www.egemtv.com\/?p=66249","title":{"rendered":"Alia\u011fa Ata\u2019s\u0131n\u0131 sayg\u0131 ve \u00f6zlemle anacak"},"content":{"rendered":"<p>T\u00fcrkiye Cumhuriyeti\u2019nin kurucusu B\u00fcy\u00fck \u00d6nder Gazi Mustafa Kemal Atat\u00fcrk, ebediyete irtihalinin 87\u2019nci y\u0131l d\u00f6n\u00fcm\u00fcnde t\u00fcm yurtta oldu\u011fu gibi Alia\u011fa\u2019da da d\u00fczenlenecek t\u00f6ren ve etkinliklerle an\u0131lacak.<br \/>\n<br \/>Alia\u011fa Kaymakaml\u0131\u011f\u0131 taraf\u0131ndan organize edilen 10 Kas\u0131m Atat\u00fcrk\u2019\u00fc Anma Program\u0131 kapsam\u0131nda etkinlikler, 10 Kas\u0131m Pazartesi g\u00fcn\u00fc saat 08.50\u2019de Cumhuriyet Meydan\u0131\u2019nda yap\u0131lacak \u00e7elenk sunma t\u00f6reniyle ba\u015flayacak. Cumhuriyet Meydan\u0131\u2019nda d\u00fczenlenecek t\u00f6rende, Atat\u00fcrk An\u0131t\u0131\u2019na \u00e7elenk sunumunun ard\u0131ndan saat 09.05\u2019te t\u00fcm T\u00fcrkiye\u2019de oldu\u011fu gibi Alia\u011fa\u2019da da siren sesleri e\u015fli\u011finde iki dakikal\u0131k sayg\u0131 duru\u015funda bulunulacak ve \u0130stiklal Mar\u015f\u0131 okunacak. Resmi t\u00f6renin ard\u0131ndan anma etkinlikleri T\u00fcpra\u015f Halk E\u011fitim Merkezi\u2019nde ger\u00e7ekle\u015ftirilecek. Buradaki programda a\u00e7\u0131l\u0131\u015f konu\u015fmalar\u0131n\u0131n ard\u0131ndan \u00f6\u011frenciler taraf\u0131ndan haz\u0131rlanan &#8220;Atat\u00fcrk&#8221; konulu oratoryo sahnelenecek.<br \/><\/p>\n","protected":false},"excerpt":{"rendered":"<p>T\u00fcrkiye Cumhuriyeti\u2019nin kurucusu B\u00fcy\u00fck \u00d6nder Gazi Mustafa Kemal Atat\u00fcrk, ebediyete irtihalinin 87\u2019nci y\u0131l d\u00f6n\u00fcm\u00fcnde t\u00fcm yurtta oldu\u011fu gibi Alia\u011fa\u2019da da d\u00fczenlenecek t\u00f6ren ve etkinliklerle an\u0131lacak. Alia\u011fa Kaymakaml\u0131\u011f\u0131 taraf\u0131ndan organize edilen 10 Kas\u0131m Atat\u00fcrk\u2019\u00fc Anma Program\u0131 kapsam\u0131nda etkinlikler, 10 Kas\u0131m Pazartesi g\u00fcn\u00fc saat 08.50\u2019de Cumhuriyet Meydan\u0131\u2019nda yap\u0131lacak \u00e7elenk sunma t\u00f6reniyle ba\u015flayacak. Cumhuriyet Meydan\u0131\u2019nda d\u00fczenlenecek t\u00f6rende, Atat\u00fcrk&#8230;<\/p>\n","protected":false},"author":1,"featured_media":66250,"comment_status":"open","ping_status":"open","sticky":false,"template":"","format":"standard","meta":{"_crdt_document":"","footnotes":""},"categories":[1],"tags":[],"class_list":["post-66249","post","type-post","status-publish","format-standard","has-post-thumbnail","hentry","category-guncel"],"_links":{"self":[{"href":"https:\/\/www.egemtv.com\/index.php?rest_route=\/wp\/v2\/posts\/66249","targetHints":{"allow":["GET"]}}],"collection":[{"href":"https:\/\/www.egemtv.com\/index.php?rest_route=\/wp\/v2\/posts"}],"about":[{"href":"https:\/\/www.egemtv.com\/index.php?rest_route=\/wp\/v2\/types\/post"}],"author":[{"embeddable":true,"href":"https:\/\/www.egemtv.com\/index.php?rest_route=\/wp\/v2\/users\/1"}],"replies":[{"embeddable":true,"href":"https:\/\/www.egemtv.com\/index.php?rest_route=%2Fwp%2Fv2%2Fcomments&post=66249"}],"version-history":[{"count":1,"href":"https:\/\/www.egemtv.com\/index.php?rest_route=\/wp\/v2\/posts\/66249\/revisions"}],"predecessor-version":[{"id":66251,"href":"https:\/\/www.egemtv.com\/index.php?rest_route=\/wp\/v2\/posts\/66249\/revisions\/66251"}],"wp:featuredmedia":[{"embeddable":true,"href":"https:\/\/www.egemtv.com\/index.php?rest_route=\/wp\/v2\/media\/66250"}],"wp:attachment":[{"href":"https:\/\/www.egemtv.com\/index.php?rest_route=%2Fwp%2Fv2%2Fmedia&parent=66249"}],"wp:term":[{"taxonomy":"category","embeddable":true,"href":"https:\/\/www.egemtv.com\/index.php?rest_route=%2Fwp%2Fv2%2Fcategories&post=66249"},{"taxonomy":"post_tag","embeddable":true,"href":"https:\/\/www.egemtv.com\/index.php?rest_route=%2Fwp%2Fv2%2Ftags&post=66249"}],"curies":[{"name":"wp","href":"https:\/\/api.w.org\/{rel}","templated":true}]}}