{"id":66246,"date":"2025-11-06T17:54:50","date_gmt":"2025-11-06T14:54:50","guid":{"rendered":"https:\/\/www.egemtv.com\/?p=66246"},"modified":"2025-11-06T17:54:52","modified_gmt":"2025-11-06T14:54:52","slug":"yeni-nesil-elektrikli-yol-supurme-araclari-bodrumda","status":"publish","type":"post","link":"https:\/\/www.egemtv.com\/?p=66246","title":{"rendered":"Yeni nesil elektrikli yol s\u00fcp\u00fcrme ara\u00e7lar\u0131 Bodrum\u2019da"},"content":{"rendered":"<p>Bodrum Belediyesi, \u00e7evreci ve s\u00fcrd\u00fcr\u00fclebilir kent ya\u015fam\u0131 hedefi do\u011frultusunda b\u00fcnyesine katt\u0131\u011f\u0131 y\u00fczde y\u00fcz elektrikli yol s\u00fcp\u00fcrme ara\u00e7lar\u0131n\u0131 hizmete ald\u0131.<\/p>\n<p>Bodrum Belediyesi Temizlik \u0130\u015fleri M\u00fcd\u00fcrl\u00fc\u011f\u00fc ekipleri, kullan\u0131m kolayl\u0131\u011f\u0131, enerji tasarrufu, sessiz \u00e7al\u0131\u015fma ve g\u00fc\u00e7l\u00fc \u00e7ekim \u00f6zelli\u011fiyle \u00f6ne \u00e7\u0131kan yeni temizlik ara\u00e7lar\u0131yla kent genelinde \u00e7al\u0131\u015fmalara ba\u015flad\u0131. Ger\u00e7ekle\u015ftirilen temizlik \u00e7al\u0131\u015fmalar\u0131 kapsam\u0131nda, G\u00fcmbet Mahallesi Ayaz Caddesi, Kumbah\u00e7e Mahallesi Pa\u015fatarlas\u0131 Sokak (\u00d6\u011fretmenevi \u00f6n\u00fcnden limana kadar olan k\u0131s\u0131m) ve G\u00fcvercinlik Mahallesi Belediye Kafe \u00f6n\u00fcnde yeni elektrikli ara\u00e7larla kapsaml\u0131 temizlik yap\u0131ld\u0131.<\/p>\n<p>Bodrum Belediyesi yetkilileri, \u00e7evre dostu ara\u00e7lar\u0131n kullan\u0131m\u0131n\u0131n yayg\u0131nla\u015ft\u0131r\u0131lmas\u0131yla birlikte hem karbon sal\u0131n\u0131m\u0131n\u0131n azalt\u0131laca\u011f\u0131n\u0131 hem de daha sessiz ve verimli bir temizlik hizmeti sunulaca\u011f\u0131n\u0131 belirtti. Temizlik \u00e7al\u0131\u015fmalar\u0131 \u00f6n\u00fcm\u00fczdeki g\u00fcnlerde di\u011fer mahallelerde de planl\u0131 \u015fekilde devam edecek.<\/p>\n<p>Elektrikli yol temizleme ara\u00e7lar\u0131; \u015fehir i\u00e7i ve sanayi b\u00f6lgelerinin yan\u0131 s\u0131ra kald\u0131r\u0131mlar, dar sokaklar, kalabal\u0131k alanlar, s\u00fcpermarketler, al\u0131\u015fveri\u015f merkezleri, hastaneler, depolar, i\u00e7 ve d\u0131\u015f mekanlar, fabrikalar, k\u00fc\u00e7\u00fck i\u015fletmeler, bah\u00e7eler ve istasyonlar gibi pek \u00e7ok kamusal alanda etkin \u015fekilde kullan\u0131labiliyor.<br \/><\/p>\n","protected":false},"excerpt":{"rendered":"<p>Bodrum Belediyesi, \u00e7evreci ve s\u00fcrd\u00fcr\u00fclebilir kent ya\u015fam\u0131 hedefi do\u011frultusunda b\u00fcnyesine katt\u0131\u011f\u0131 y\u00fczde y\u00fcz elektrikli yol s\u00fcp\u00fcrme ara\u00e7lar\u0131n\u0131 hizmete ald\u0131. Bodrum Belediyesi Temizlik \u0130\u015fleri M\u00fcd\u00fcrl\u00fc\u011f\u00fc ekipleri, kullan\u0131m kolayl\u0131\u011f\u0131, enerji tasarrufu, sessiz \u00e7al\u0131\u015fma ve g\u00fc\u00e7l\u00fc \u00e7ekim \u00f6zelli\u011fiyle \u00f6ne \u00e7\u0131kan yeni temizlik ara\u00e7lar\u0131yla kent genelinde \u00e7al\u0131\u015fmalara ba\u015flad\u0131. Ger\u00e7ekle\u015ftirilen temizlik \u00e7al\u0131\u015fmalar\u0131 kapsam\u0131nda, G\u00fcmbet Mahallesi Ayaz Caddesi, Kumbah\u00e7e Mahallesi Pa\u015fatarlas\u0131&#8230;<\/p>\n","protected":false},"author":1,"featured_media":66247,"comment_status":"open","ping_status":"open","sticky":false,"template":"","format":"standard","meta":{"_crdt_document":"","footnotes":""},"categories":[1],"tags":[],"class_list":["post-66246","post","type-post","status-publish","format-standard","has-post-thumbnail","hentry","category-guncel"],"_links":{"self":[{"href":"https:\/\/www.egemtv.com\/index.php?rest_route=\/wp\/v2\/posts\/66246","targetHints":{"allow":["GET"]}}],"collection":[{"href":"https:\/\/www.egemtv.com\/index.php?rest_route=\/wp\/v2\/posts"}],"about":[{"href":"https:\/\/www.egemtv.com\/index.php?rest_route=\/wp\/v2\/types\/post"}],"author":[{"embeddable":true,"href":"https:\/\/www.egemtv.com\/index.php?rest_route=\/wp\/v2\/users\/1"}],"replies":[{"embeddable":true,"href":"https:\/\/www.egemtv.com\/index.php?rest_route=%2Fwp%2Fv2%2Fcomments&post=66246"}],"version-history":[{"count":1,"href":"https:\/\/www.egemtv.com\/index.php?rest_route=\/wp\/v2\/posts\/66246\/revisions"}],"predecessor-version":[{"id":66248,"href":"https:\/\/www.egemtv.com\/index.php?rest_route=\/wp\/v2\/posts\/66246\/revisions\/66248"}],"wp:featuredmedia":[{"embeddable":true,"href":"https:\/\/www.egemtv.com\/index.php?rest_route=\/wp\/v2\/media\/66247"}],"wp:attachment":[{"href":"https:\/\/www.egemtv.com\/index.php?rest_route=%2Fwp%2Fv2%2Fmedia&parent=66246"}],"wp:term":[{"taxonomy":"category","embeddable":true,"href":"https:\/\/www.egemtv.com\/index.php?rest_route=%2Fwp%2Fv2%2Fcategories&post=66246"},{"taxonomy":"post_tag","embeddable":true,"href":"https:\/\/www.egemtv.com\/index.php?rest_route=%2Fwp%2Fv2%2Ftags&post=66246"}],"curies":[{"name":"wp","href":"https:\/\/api.w.org\/{rel}","templated":true}]}}