{"id":66240,"date":"2025-11-06T17:15:04","date_gmt":"2025-11-06T14:15:04","guid":{"rendered":"https:\/\/www.egemtv.com\/?p=66240"},"modified":"2025-11-06T17:15:06","modified_gmt":"2025-11-06T14:15:06","slug":"soke-taris-baskani-ozer-pamuk-ureticisi-icin-acil-destekleme-modeli-sart-devletimiz-mudahale-etmeli","status":"publish","type":"post","link":"https:\/\/www.egemtv.com\/?p=66240","title":{"rendered":"S\u00f6ke TAR\u0130\u015e Ba\u015fkan\u0131 \u00d6zer: &#8220;Pamuk \u00fcreticisi i\u00e7in acil destekleme modeli \u015fart, devletimiz m\u00fcdahale etmeli&#8221;"},"content":{"rendered":"<p>S\u00f6ke TAR\u0130\u015e Pamuk ve Ya\u011fl\u0131 Tohumlar Kooperatifi Ba\u015fkan\u0131 \u0130smail \u00d6zer, pamuk \u00fcreticisinin son y\u0131llar\u0131n en zorlu sezonunu ya\u015fad\u0131\u011f\u0131n\u0131 belirterek, devletin Aral\u0131k-Ocak aylar\u0131nda ge\u00e7 kalmadan yeni bir destekleme modeli a\u00e7\u0131klamas\u0131 gerekti\u011fini s\u00f6yledi.<\/p>\n<p>Pamukta bu sezonun son y\u0131llar\u0131n en k\u00f6t\u00fc d\u00f6nemlerinden biri oldu\u011funu vurgulayan Ba\u015fkan \u00d6zer, &#8220;\u00dcreticimiz memnun de\u011fil. \u0130yi verim alan \u00fcretici bile borcunu \u00f6deyemiyor. Bu tablo s\u00fcrd\u00fcr\u00fclebilir de\u011fil. Devletimize b\u00fcy\u00fck i\u015f d\u00fc\u015f\u00fcyor. T\u00fcrkiye genelindeki pamuk \u00fcreticisi yeni bir destekleme modeliyle desteklenmeli&#8221; dedi.<\/p>\n<p>Pamuk fiyatlar\u0131n\u0131n d\u00fcnya piyasalar\u0131yla paralel gitti\u011fini ancak sorunlar\u0131n tekstil sekt\u00f6r\u00fc gibi ba\u011fl\u0131 sekt\u00f6rleri de etkiledi\u011fini belirten \u00d6zer, &#8220;Pamuk yaln\u0131zca bir tar\u0131msal \u00fcr\u00fcn de\u011fil, sanayinin kalbidir. Pamuktaki kriz, iplikten tekstile kadar zincirleme etki olu\u015fturuyor. Bu nedenle devletin \u00e7ok acil m\u00fcdahale etmesi gerekiyor&#8221; ifadelerini kulland\u0131.<\/p>\n<p>S\u00f6ke Ovas\u0131\u2019nda \u00fcreticinin pamuktan uzakla\u015fmaya ba\u015flad\u0131\u011f\u0131n\u0131 da dile getiren \u00d6zer, &#8220;\u015eu anda ba\u015flayan bu\u011fday ekimi ovan\u0131n en az y\u00fczde 50\u2019sini kapsayacak gibi g\u00f6r\u00fcn\u00fcyor. Sorun sadece kurakl\u0131k de\u011fil; maliyet y\u00fcksek, verim d\u00fc\u015f\u00fck, kazan\u00e7 az. \u00dcreticinin pamuk \u00fcretimi ile ilgili kafas\u0131 olduk\u00e7a kar\u0131\u015f\u0131k. E\u011fer \u00fcretici bug\u00fcn korunmazsa, yar\u0131n T\u00fcrkiye pamuk ithalat\u0131na daha da ba\u011f\u0131ml\u0131 hale gelir. Devletimizin bu duruma kay\u0131ts\u0131z kalmamas\u0131 gerekiyor&#8221; dedi.<\/p>\n<p>Sezon ba\u015f\u0131nda 30-35 milyon kg pamuk al\u0131m\u0131 hedefi koyduklar\u0131n\u0131 hat\u0131rlatan Ba\u015fkan \u00d6zer, &#8220;\u015eu ana kadar 22 milyon kg al\u0131m ger\u00e7ekle\u015ftirdik. Pamuk hasad\u0131n\u0131n y\u00fczde 95\u2019i tamamland\u0131. Bu rakam 23-24 milyon kg\u2019a \u00e7\u0131kabilir. Verim d\u00fc\u015f\u00fckl\u00fc\u011f\u00fc hedeflerimizi etkiledi. Sadece biz de\u011fil, di\u011fer sekt\u00f6r kurulu\u015flar\u0131 da hedeflerini tutturamad\u0131. S\u00f6ke Ovas\u0131\u2019nda bu sezon 70-80 bin ton k\u00fctl\u00fc pamuk \u00fcretimiyle kapanmas\u0131n\u0131n \u00f6ng\u00f6r\u00fcl\u00fcyor. S\u00f6ke\u2019de \u00fcretilen pamu\u011fun \u00fc\u00e7te biri yine S\u00f6ke TAR\u0130\u015e\u2019e geldi. Ge\u00e7en sezonki al\u0131m miktar\u0131n\u0131, bu y\u0131l da yakalad\u0131k&#8221; diye konu\u015ftu.<br \/><\/p>\n","protected":false},"excerpt":{"rendered":"<p>S\u00f6ke TAR\u0130\u015e Pamuk ve Ya\u011fl\u0131 Tohumlar Kooperatifi Ba\u015fkan\u0131 \u0130smail \u00d6zer, pamuk \u00fcreticisinin son y\u0131llar\u0131n en zorlu sezonunu ya\u015fad\u0131\u011f\u0131n\u0131 belirterek, devletin Aral\u0131k-Ocak aylar\u0131nda ge\u00e7 kalmadan yeni bir destekleme modeli a\u00e7\u0131klamas\u0131 gerekti\u011fini s\u00f6yledi. Pamukta bu sezonun son y\u0131llar\u0131n en k\u00f6t\u00fc d\u00f6nemlerinden biri oldu\u011funu vurgulayan Ba\u015fkan \u00d6zer, &#8220;\u00dcreticimiz memnun de\u011fil. \u0130yi verim alan \u00fcretici bile borcunu \u00f6deyemiyor. Bu&#8230;<\/p>\n","protected":false},"author":1,"featured_media":66241,"comment_status":"open","ping_status":"open","sticky":false,"template":"","format":"standard","meta":{"_crdt_document":"","footnotes":""},"categories":[125],"tags":[],"class_list":["post-66240","post","type-post","status-publish","format-standard","has-post-thumbnail","hentry","category-ekonomi"],"_links":{"self":[{"href":"https:\/\/www.egemtv.com\/index.php?rest_route=\/wp\/v2\/posts\/66240","targetHints":{"allow":["GET"]}}],"collection":[{"href":"https:\/\/www.egemtv.com\/index.php?rest_route=\/wp\/v2\/posts"}],"about":[{"href":"https:\/\/www.egemtv.com\/index.php?rest_route=\/wp\/v2\/types\/post"}],"author":[{"embeddable":true,"href":"https:\/\/www.egemtv.com\/index.php?rest_route=\/wp\/v2\/users\/1"}],"replies":[{"embeddable":true,"href":"https:\/\/www.egemtv.com\/index.php?rest_route=%2Fwp%2Fv2%2Fcomments&post=66240"}],"version-history":[{"count":1,"href":"https:\/\/www.egemtv.com\/index.php?rest_route=\/wp\/v2\/posts\/66240\/revisions"}],"predecessor-version":[{"id":66242,"href":"https:\/\/www.egemtv.com\/index.php?rest_route=\/wp\/v2\/posts\/66240\/revisions\/66242"}],"wp:featuredmedia":[{"embeddable":true,"href":"https:\/\/www.egemtv.com\/index.php?rest_route=\/wp\/v2\/media\/66241"}],"wp:attachment":[{"href":"https:\/\/www.egemtv.com\/index.php?rest_route=%2Fwp%2Fv2%2Fmedia&parent=66240"}],"wp:term":[{"taxonomy":"category","embeddable":true,"href":"https:\/\/www.egemtv.com\/index.php?rest_route=%2Fwp%2Fv2%2Fcategories&post=66240"},{"taxonomy":"post_tag","embeddable":true,"href":"https:\/\/www.egemtv.com\/index.php?rest_route=%2Fwp%2Fv2%2Ftags&post=66240"}],"curies":[{"name":"wp","href":"https:\/\/api.w.org\/{rel}","templated":true}]}}