{"id":66237,"date":"2025-11-06T17:15:00","date_gmt":"2025-11-06T14:15:00","guid":{"rendered":"https:\/\/www.egemtv.com\/?p=66237"},"modified":"2025-11-06T17:15:01","modified_gmt":"2025-11-06T14:15:01","slug":"kocarlida-mobil-halk-ekmek-araci-begeni-topluyor","status":"publish","type":"post","link":"https:\/\/www.egemtv.com\/?p=66237","title":{"rendered":"Ko\u00e7arl\u0131\u2019da Mobil Halk Ekmek arac\u0131 be\u011feni topluyor"},"content":{"rendered":"<p>Ko\u00e7arl\u0131 Belediye Ba\u015fkan\u0131 \u00d6z\u00fcr Ar\u0131c\u0131\u2019n\u0131n giri\u015fimleri ile il\u00e7ede ba\u015flat\u0131lan halk ekmek sat\u0131\u015f projesi vatanda\u015ftan takdir topluyor.<\/p>\n<p>Mobil ekmek sat\u0131\u015f arac\u0131 ile il\u00e7ede faaliyet g\u00f6steren f\u0131r\u0131nlardan al\u0131nan ekmekler mahallelerde sat\u0131\u015fa sunuluyor. G\u00fcnl\u00fck taze ve hijyenik \u015fartlarda haz\u0131rlanan ekmekler vatanda\u015fa piyasaya g\u00f6re uygun fiyatlarla sat\u0131l\u0131rken, il\u00e7e merkezine gelmekte g\u00fc\u00e7l\u00fck \u00e7eken vatanda\u015flar\u0131 da memnun ediyor. Uygulaman\u0131n merkeze gitmekte g\u00fc\u00e7l\u00fck \u00e7eken vatanda\u015flara kolayl\u0131k sa\u011flamas\u0131 ve uygun fiyatlarla olmas\u0131n\u0131n \u00f6nemini belirten Ko\u00e7arl\u0131l\u0131 vatanda\u015flar, Ba\u015fkan Ar\u0131c\u0131 ve ekibine te\u015fekk\u00fcr ettiler. Vatanda\u015flar ayr\u0131ca hijyenin \u00f6nemine vurgu yaparak, bu projenin devam etmesini ve ekmek sat\u0131\u015f\u0131n\u0131n daha da yayg\u0131nla\u015ft\u0131r\u0131lmas\u0131n\u0131 talep ettiler.<\/p>\n<p>Vatanda\u015flar\u0131n ald\u0131klar\u0131 hizmetten memnun olmas\u0131ndan mutluluk duydu\u011funu ifade eden  Ba\u015fkan Ar\u0131c\u0131, &#8220;Vatanda\u015flar\u0131m\u0131z k\u0131rsal mahallelerimizde hijyenik ve uygun fiyatl\u0131 ekmeklere kolayca ula\u015fabiliyor. Her g\u00fcn farkl\u0131 mahallelerde mobil ekmek sat\u0131\u015f arac\u0131m\u0131z ekme\u011fi halk\u0131m\u0131z\u0131n aya\u011f\u0131na g\u00f6t\u00fcr\u00fcyor. \u00d6zellikle ya\u015fl\u0131 ve engelli vatanda\u015flar\u0131n ekmek ihtiyac\u0131n\u0131 kar\u015f\u0131lan\u0131yor olmas\u0131 bizi ayr\u0131ca mutlu ediyor. Sosyal Belediyecilik anlam\u0131nda elimizden geldi\u011fince vatanda\u015flar\u0131m\u0131z\u0131n yan\u0131nda olmaya devam edece\u011fiz&#8221; dedi.<br \/><\/p>\n","protected":false},"excerpt":{"rendered":"<p>Ko\u00e7arl\u0131 Belediye Ba\u015fkan\u0131 \u00d6z\u00fcr Ar\u0131c\u0131\u2019n\u0131n giri\u015fimleri ile il\u00e7ede ba\u015flat\u0131lan halk ekmek sat\u0131\u015f projesi vatanda\u015ftan takdir topluyor. Mobil ekmek sat\u0131\u015f arac\u0131 ile il\u00e7ede faaliyet g\u00f6steren f\u0131r\u0131nlardan al\u0131nan ekmekler mahallelerde sat\u0131\u015fa sunuluyor. G\u00fcnl\u00fck taze ve hijyenik \u015fartlarda haz\u0131rlanan ekmekler vatanda\u015fa piyasaya g\u00f6re uygun fiyatlarla sat\u0131l\u0131rken, il\u00e7e merkezine gelmekte g\u00fc\u00e7l\u00fck \u00e7eken vatanda\u015flar\u0131 da memnun ediyor. Uygulaman\u0131n merkeze gitmekte&#8230;<\/p>\n","protected":false},"author":1,"featured_media":66238,"comment_status":"open","ping_status":"open","sticky":false,"template":"","format":"standard","meta":{"_crdt_document":"","footnotes":""},"categories":[1],"tags":[],"class_list":["post-66237","post","type-post","status-publish","format-standard","has-post-thumbnail","hentry","category-guncel"],"_links":{"self":[{"href":"https:\/\/www.egemtv.com\/index.php?rest_route=\/wp\/v2\/posts\/66237","targetHints":{"allow":["GET"]}}],"collection":[{"href":"https:\/\/www.egemtv.com\/index.php?rest_route=\/wp\/v2\/posts"}],"about":[{"href":"https:\/\/www.egemtv.com\/index.php?rest_route=\/wp\/v2\/types\/post"}],"author":[{"embeddable":true,"href":"https:\/\/www.egemtv.com\/index.php?rest_route=\/wp\/v2\/users\/1"}],"replies":[{"embeddable":true,"href":"https:\/\/www.egemtv.com\/index.php?rest_route=%2Fwp%2Fv2%2Fcomments&post=66237"}],"version-history":[{"count":1,"href":"https:\/\/www.egemtv.com\/index.php?rest_route=\/wp\/v2\/posts\/66237\/revisions"}],"predecessor-version":[{"id":66239,"href":"https:\/\/www.egemtv.com\/index.php?rest_route=\/wp\/v2\/posts\/66237\/revisions\/66239"}],"wp:featuredmedia":[{"embeddable":true,"href":"https:\/\/www.egemtv.com\/index.php?rest_route=\/wp\/v2\/media\/66238"}],"wp:attachment":[{"href":"https:\/\/www.egemtv.com\/index.php?rest_route=%2Fwp%2Fv2%2Fmedia&parent=66237"}],"wp:term":[{"taxonomy":"category","embeddable":true,"href":"https:\/\/www.egemtv.com\/index.php?rest_route=%2Fwp%2Fv2%2Fcategories&post=66237"},{"taxonomy":"post_tag","embeddable":true,"href":"https:\/\/www.egemtv.com\/index.php?rest_route=%2Fwp%2Fv2%2Ftags&post=66237"}],"curies":[{"name":"wp","href":"https:\/\/api.w.org\/{rel}","templated":true}]}}