{"id":66234,"date":"2025-11-06T17:14:57","date_gmt":"2025-11-06T14:14:57","guid":{"rendered":"https:\/\/www.egemtv.com\/?p=66234"},"modified":"2025-11-06T17:14:59","modified_gmt":"2025-11-06T14:14:59","slug":"buharkentte-incir-fidanlarinda-gelisim-gozlemi-yapildi","status":"publish","type":"post","link":"https:\/\/www.egemtv.com\/?p=66234","title":{"rendered":"Buharkent\u2019te incir fidanlar\u0131nda geli\u015fim g\u00f6zlemi yap\u0131ld\u0131"},"content":{"rendered":"<p>Buharkent \u0130l\u00e7e Tar\u0131m ve Orman M\u00fcd\u00fcr\u00fc Soner Altun, \u0130ncir Ara\u015ft\u0131rma Enstit\u00fcs\u00fc teknik personelleri ile birlikte il\u00e7ede bulunan kapama ilek bah\u00e7esinde incelemelerde bulundu.<\/p>\n<p>Ziraat m\u00fchendisleri ve teknik personellerin e\u015fli\u011finde ger\u00e7ekle\u015ftirilen ziyarette, fidan geli\u015fimleri yerinde g\u00f6zlemlendi. Y\u00fcr\u00fct\u00fclen \u00e7al\u0131\u015fmalar kapsam\u0131nda fidanlar\u0131n genel durumu, geli\u015fim s\u00fcreci ve bak\u0131m ihtiya\u00e7lar\u0131 de\u011ferlendirilerek \u00fcretim verimlili\u011fini art\u0131rmaya y\u00f6nelik \u00f6neriler ele al\u0131nd\u0131. Buharkent \u0130l\u00e7e Tar\u0131m ve Orman M\u00fcd\u00fcrl\u00fc\u011f\u00fc yetkilileri, \u00fcreticilere teknik destek sa\u011flamaya ve incir \u00fcretiminde kaliteyi y\u00fckseltmeye y\u00f6nelik saha \u00e7al\u0131\u015fmalar\u0131n\u0131n aral\u0131ks\u0131z s\u00fcrd\u00fc\u011f\u00fcn\u00fc belirtti.<br \/><\/p>\n","protected":false},"excerpt":{"rendered":"<p>Buharkent \u0130l\u00e7e Tar\u0131m ve Orman M\u00fcd\u00fcr\u00fc Soner Altun, \u0130ncir Ara\u015ft\u0131rma Enstit\u00fcs\u00fc teknik personelleri ile birlikte il\u00e7ede bulunan kapama ilek bah\u00e7esinde incelemelerde bulundu. Ziraat m\u00fchendisleri ve teknik personellerin e\u015fli\u011finde ger\u00e7ekle\u015ftirilen ziyarette, fidan geli\u015fimleri yerinde g\u00f6zlemlendi. Y\u00fcr\u00fct\u00fclen \u00e7al\u0131\u015fmalar kapsam\u0131nda fidanlar\u0131n genel durumu, geli\u015fim s\u00fcreci ve bak\u0131m ihtiya\u00e7lar\u0131 de\u011ferlendirilerek \u00fcretim verimlili\u011fini art\u0131rmaya y\u00f6nelik \u00f6neriler ele al\u0131nd\u0131. Buharkent \u0130l\u00e7e&#8230;<\/p>\n","protected":false},"author":1,"featured_media":66235,"comment_status":"open","ping_status":"open","sticky":false,"template":"","format":"standard","meta":{"_crdt_document":"","footnotes":""},"categories":[1],"tags":[],"class_list":["post-66234","post","type-post","status-publish","format-standard","has-post-thumbnail","hentry","category-guncel"],"_links":{"self":[{"href":"https:\/\/www.egemtv.com\/index.php?rest_route=\/wp\/v2\/posts\/66234","targetHints":{"allow":["GET"]}}],"collection":[{"href":"https:\/\/www.egemtv.com\/index.php?rest_route=\/wp\/v2\/posts"}],"about":[{"href":"https:\/\/www.egemtv.com\/index.php?rest_route=\/wp\/v2\/types\/post"}],"author":[{"embeddable":true,"href":"https:\/\/www.egemtv.com\/index.php?rest_route=\/wp\/v2\/users\/1"}],"replies":[{"embeddable":true,"href":"https:\/\/www.egemtv.com\/index.php?rest_route=%2Fwp%2Fv2%2Fcomments&post=66234"}],"version-history":[{"count":1,"href":"https:\/\/www.egemtv.com\/index.php?rest_route=\/wp\/v2\/posts\/66234\/revisions"}],"predecessor-version":[{"id":66236,"href":"https:\/\/www.egemtv.com\/index.php?rest_route=\/wp\/v2\/posts\/66234\/revisions\/66236"}],"wp:featuredmedia":[{"embeddable":true,"href":"https:\/\/www.egemtv.com\/index.php?rest_route=\/wp\/v2\/media\/66235"}],"wp:attachment":[{"href":"https:\/\/www.egemtv.com\/index.php?rest_route=%2Fwp%2Fv2%2Fmedia&parent=66234"}],"wp:term":[{"taxonomy":"category","embeddable":true,"href":"https:\/\/www.egemtv.com\/index.php?rest_route=%2Fwp%2Fv2%2Fcategories&post=66234"},{"taxonomy":"post_tag","embeddable":true,"href":"https:\/\/www.egemtv.com\/index.php?rest_route=%2Fwp%2Fv2%2Ftags&post=66234"}],"curies":[{"name":"wp","href":"https:\/\/api.w.org\/{rel}","templated":true}]}}