{"id":66231,"date":"2025-11-06T17:14:54","date_gmt":"2025-11-06T14:14:54","guid":{"rendered":"https:\/\/www.egemtv.com\/?p=66231"},"modified":"2025-11-06T17:14:55","modified_gmt":"2025-11-06T14:14:55","slug":"izmirde-mandali-protesto-okul-sahibinden-dikkat-ceken-tepki","status":"publish","type":"post","link":"https:\/\/www.egemtv.com\/?p=66231","title":{"rendered":"\u0130zmir\u2019de mandal\u0131 protesto: Okul sahibinden dikkat \u00e7eken tepki"},"content":{"rendered":"<p>\u0130zmir\u2019in G\u00fczelbah\u00e7e il\u00e7esinde \u00f6zel bir okula ait mandalar, \u00e7evre sakinleri taraf\u0131ndan C\u0130MER\u2019e \u015fikayet edildi. \u015eikayetlerin ard\u0131ndan okulun sahibi, mandalara \u00f6zel k\u0131yafetler giydirerek \u00fczerinde \u2019Eski \u00c7aml\u0131 K\u00f6y\u00fc sakinleri\u2019 ve \u2019Siz yokken biz vard\u0131k\u2019 yaz\u0131lar\u0131yla dikkat \u00e7eken bir protestoya imza att\u0131.<br \/>\n<br \/>G\u00fczelbah\u00e7e\u2019nin Eski \u00c7aml\u0131 Mahallesi yak\u0131nlar\u0131nda bulunan \u00f6zel bir e\u011fitim kurumuna ait mandalar, zaman zaman okul \u00e7evresinde ve mahalle sokaklar\u0131nda gezerek \u00e7evredeki vatanda\u015flar\u0131n tepkisine neden oldu. Baz\u0131 mahalle sakinleri durumu C\u0130MER\u2019e bildirerek \u015fikayette bulundu. \u015eikayetlerin ard\u0131ndan okul sahibi, tepkilere farkl\u0131 bir y\u00f6ntemle kar\u015f\u0131l\u0131k verdi. Mandalara \u00f6zel olarak diktirdi\u011fi k\u0131yafetleri giydiren okul sahibi, k\u0131yafetlerin \u00fczerine \u2019Eski \u00c7aml\u0131 K\u00f6y\u00fc sakinleri\u2019 ve \u2019Siz yokken biz vard\u0131k\u2019 ifadelerini yazd\u0131rd\u0131.<br \/>\n<br \/>Ard\u0131ndan mandalar\u0131 yeniden okul \u00e7evresine sald\u0131.<br \/><\/p>\n","protected":false},"excerpt":{"rendered":"<p>\u0130zmir\u2019in G\u00fczelbah\u00e7e il\u00e7esinde \u00f6zel bir okula ait mandalar, \u00e7evre sakinleri taraf\u0131ndan C\u0130MER\u2019e \u015fikayet edildi. \u015eikayetlerin ard\u0131ndan okulun sahibi, mandalara \u00f6zel k\u0131yafetler giydirerek \u00fczerinde \u2019Eski \u00c7aml\u0131 K\u00f6y\u00fc sakinleri\u2019 ve \u2019Siz yokken biz vard\u0131k\u2019 yaz\u0131lar\u0131yla dikkat \u00e7eken bir protestoya imza att\u0131. G\u00fczelbah\u00e7e\u2019nin Eski \u00c7aml\u0131 Mahallesi yak\u0131nlar\u0131nda bulunan \u00f6zel bir e\u011fitim kurumuna ait mandalar, zaman zaman okul \u00e7evresinde&#8230;<\/p>\n","protected":false},"author":1,"featured_media":66232,"comment_status":"open","ping_status":"open","sticky":false,"template":"","format":"standard","meta":{"_crdt_document":"","footnotes":""},"categories":[1],"tags":[],"class_list":["post-66231","post","type-post","status-publish","format-standard","has-post-thumbnail","hentry","category-guncel"],"_links":{"self":[{"href":"https:\/\/www.egemtv.com\/index.php?rest_route=\/wp\/v2\/posts\/66231","targetHints":{"allow":["GET"]}}],"collection":[{"href":"https:\/\/www.egemtv.com\/index.php?rest_route=\/wp\/v2\/posts"}],"about":[{"href":"https:\/\/www.egemtv.com\/index.php?rest_route=\/wp\/v2\/types\/post"}],"author":[{"embeddable":true,"href":"https:\/\/www.egemtv.com\/index.php?rest_route=\/wp\/v2\/users\/1"}],"replies":[{"embeddable":true,"href":"https:\/\/www.egemtv.com\/index.php?rest_route=%2Fwp%2Fv2%2Fcomments&post=66231"}],"version-history":[{"count":1,"href":"https:\/\/www.egemtv.com\/index.php?rest_route=\/wp\/v2\/posts\/66231\/revisions"}],"predecessor-version":[{"id":66233,"href":"https:\/\/www.egemtv.com\/index.php?rest_route=\/wp\/v2\/posts\/66231\/revisions\/66233"}],"wp:featuredmedia":[{"embeddable":true,"href":"https:\/\/www.egemtv.com\/index.php?rest_route=\/wp\/v2\/media\/66232"}],"wp:attachment":[{"href":"https:\/\/www.egemtv.com\/index.php?rest_route=%2Fwp%2Fv2%2Fmedia&parent=66231"}],"wp:term":[{"taxonomy":"category","embeddable":true,"href":"https:\/\/www.egemtv.com\/index.php?rest_route=%2Fwp%2Fv2%2Fcategories&post=66231"},{"taxonomy":"post_tag","embeddable":true,"href":"https:\/\/www.egemtv.com\/index.php?rest_route=%2Fwp%2Fv2%2Ftags&post=66231"}],"curies":[{"name":"wp","href":"https:\/\/api.w.org\/{rel}","templated":true}]}}