{"id":66228,"date":"2025-11-06T16:55:10","date_gmt":"2025-11-06T13:55:10","guid":{"rendered":"https:\/\/www.egemtv.com\/?p=66228"},"modified":"2025-11-06T16:55:14","modified_gmt":"2025-11-06T13:55:14","slug":"aliaga-fknin-turkiye-kupasindaki-rakibi-belli-oldu","status":"publish","type":"post","link":"https:\/\/www.egemtv.com\/?p=66228","title":{"rendered":"Alia\u011fa FK\u2019n\u0131n T\u00fcrkiye Kupas\u0131\u2019ndaki rakibi belli oldu"},"content":{"rendered":"<p>Alia\u011fa FK, Ziraat T\u00fcrkiye Kupas\u0131\u2019nda 4. Eleme Turu\u2019nda \u00d6zbelsan Sivasspor ile e\u015fle\u015fti.<br \/>\n<br \/>Ziraat T\u00fcrkiye Kupas\u0131\u2019nda 4. Eleme Turu kura \u00e7ekimi ger\u00e7ekle\u015ftirildi. Alia\u011fa FK, bu turda Sivasspor ile e\u015fle\u015fti. Kar\u015f\u0131la\u015fma, daha sonra a\u00e7\u0131klanacak fikst\u00fcre g\u00f6re 2-3-4 Aral\u0131k tarihlerinden birinde Sivas\u2019ta oynanacak.<br \/><\/p>\n","protected":false},"excerpt":{"rendered":"<p>Alia\u011fa FK, Ziraat T\u00fcrkiye Kupas\u0131\u2019nda 4. Eleme Turu\u2019nda \u00d6zbelsan Sivasspor ile e\u015fle\u015fti. Ziraat T\u00fcrkiye Kupas\u0131\u2019nda 4. Eleme Turu kura \u00e7ekimi ger\u00e7ekle\u015ftirildi. Alia\u011fa FK, bu turda Sivasspor ile e\u015fle\u015fti. Kar\u015f\u0131la\u015fma, daha sonra a\u00e7\u0131klanacak fikst\u00fcre g\u00f6re 2-3-4 Aral\u0131k tarihlerinden birinde Sivas\u2019ta oynanacak.<\/p>\n","protected":false},"author":1,"featured_media":66229,"comment_status":"open","ping_status":"open","sticky":false,"template":"","format":"standard","meta":{"_crdt_document":"","footnotes":""},"categories":[4],"tags":[],"class_list":["post-66228","post","type-post","status-publish","format-standard","has-post-thumbnail","hentry","category-spor"],"_links":{"self":[{"href":"https:\/\/www.egemtv.com\/index.php?rest_route=\/wp\/v2\/posts\/66228","targetHints":{"allow":["GET"]}}],"collection":[{"href":"https:\/\/www.egemtv.com\/index.php?rest_route=\/wp\/v2\/posts"}],"about":[{"href":"https:\/\/www.egemtv.com\/index.php?rest_route=\/wp\/v2\/types\/post"}],"author":[{"embeddable":true,"href":"https:\/\/www.egemtv.com\/index.php?rest_route=\/wp\/v2\/users\/1"}],"replies":[{"embeddable":true,"href":"https:\/\/www.egemtv.com\/index.php?rest_route=%2Fwp%2Fv2%2Fcomments&post=66228"}],"version-history":[{"count":1,"href":"https:\/\/www.egemtv.com\/index.php?rest_route=\/wp\/v2\/posts\/66228\/revisions"}],"predecessor-version":[{"id":66230,"href":"https:\/\/www.egemtv.com\/index.php?rest_route=\/wp\/v2\/posts\/66228\/revisions\/66230"}],"wp:featuredmedia":[{"embeddable":true,"href":"https:\/\/www.egemtv.com\/index.php?rest_route=\/wp\/v2\/media\/66229"}],"wp:attachment":[{"href":"https:\/\/www.egemtv.com\/index.php?rest_route=%2Fwp%2Fv2%2Fmedia&parent=66228"}],"wp:term":[{"taxonomy":"category","embeddable":true,"href":"https:\/\/www.egemtv.com\/index.php?rest_route=%2Fwp%2Fv2%2Fcategories&post=66228"},{"taxonomy":"post_tag","embeddable":true,"href":"https:\/\/www.egemtv.com\/index.php?rest_route=%2Fwp%2Fv2%2Ftags&post=66228"}],"curies":[{"name":"wp","href":"https:\/\/api.w.org\/{rel}","templated":true}]}}