{"id":66225,"date":"2025-11-06T16:55:06","date_gmt":"2025-11-06T13:55:06","guid":{"rendered":"https:\/\/www.egemtv.com\/?p=66225"},"modified":"2025-11-06T16:55:08","modified_gmt":"2025-11-06T13:55:08","slug":"manisa-cbude-losemili-cocuklara-dikkat-cekildi","status":"publish","type":"post","link":"https:\/\/www.egemtv.com\/?p=66225","title":{"rendered":"Manisa CB\u00dc\u2019de l\u00f6semili \u00e7ocuklara dikkat \u00e7ekildi"},"content":{"rendered":"<p>Manisa Celal Bayar \u00dcniversitesi Rekt\u00f6r\u00fc Prof. Dr. Rana Kibar makam\u0131nda a\u011f\u0131rlad\u0131\u011f\u0131 L\u00f6semili \u00c7ocuklar Sa\u011fl\u0131k ve E\u011fitim Vakf\u0131 (L\u00d6SEV) yetkilileri ile l\u00f6semili \u00e7ocuklar\u0131n ya\u015fad\u0131\u011f\u0131 zorluklara dikkat \u00e7ekilerek onlara sa\u011flanan desteklerin s\u00fcrd\u00fcr\u00fclmesi konular\u0131 ele al\u0131nd\u0131.<br \/>\n<br \/>L\u00d6SEV yetkilileri, 2-8 Kas\u0131m L\u00f6semili \u00c7ocuklar Haftas\u0131 fark\u0131ndal\u0131k etkinlikleri kapsam\u0131nda Manisa Celal Bayar \u00dcniversitesi Rekt\u00f6r\u00fc Prof. Dr. Rana Kibar\u2019\u0131 makam\u0131nda ziyaret etti.<br \/>\n<br \/>Ziyarete L\u00d6SEV\u2019i temsilen \u0130zmir \u0130l Koordinat\u00f6r\u00fc Ebru Alkan, Sosyal Hizmetler Koordinat\u00f6r\u00fc Serap K\u0131rc\u0131, MCB\u00dc Hafsa Sultan Hastanesi Ba\u015fhekimi Prof. Dr. \u0130smet Top\u00e7u ile sa\u011fl\u0131\u011f\u0131na kavu\u015fan kahramanlar\u0131m\u0131z kat\u0131ld\u0131. G\u00f6r\u00fc\u015fmede, L\u00f6semili \u00c7ocuklar Haftas\u0131\u2019n\u0131n \u00f6nemi, l\u00f6semi hastal\u0131\u011f\u0131 hakk\u0131nda toplum bilincinin art\u0131r\u0131lmas\u0131 ve l\u00f6semili \u00e7ocuklar\u0131n ya\u015fad\u0131\u011f\u0131 zorluklara dikkat \u00e7ekilerek onlara sa\u011flanan desteklerin s\u00fcrd\u00fcr\u00fclmesi konular\u0131 ele al\u0131nd\u0131.<br \/>\n<br \/>L\u00d6SEV heyeti, bu \u00f6zel haftada l\u00f6semiye dikkat \u00e7ekmek i\u00e7in toplumun, dayan\u0131\u015fman\u0131n ve ya\u015fam enerjisinin sembol\u00fc &#8220;Turuncu&#8221; renkle birle\u015ferek fark\u0131ndal\u0131\u011fa kat\u0131l\u0131m\u0131n\u0131n \u00f6nem ta\u015f\u0131d\u0131\u011f\u0131n\u0131 vurgulad\u0131.<br \/>\n<br \/>MCB\u00dc Rekt\u00f6r\u00fc Prof. Dr. Rana Kibar, L\u00d6SEV heyetini a\u011f\u0131rlamaktan onur duydu\u011funu belirterek, l\u00f6semili \u00e7ocuklar\u0131n m\u00fccadelesine \u00fcniversite olarak tam destek verdiklerini ifade etti. Rekt\u00f6r Kibar, &#8220;L\u00d6SEV\u2019in k\u0131ymetli \u00e7al\u0131\u015fmalar\u0131n\u0131 desteklemek ve l\u00f6semi fark\u0131ndal\u0131\u011f\u0131n\u0131 \u00fcniversite camias\u0131 i\u00e7inde yaymak temel sorumluluklar\u0131m\u0131zdand\u0131r. \u00dcniversitemiz, l\u00f6semiyle sava\u015fan \u00e7ocuklar\u0131m\u0131z\u0131n yan\u0131ndad\u0131r&#8221; dedi.<br \/>\n<br \/>Ziyaret esnas\u0131nda Rekt\u00f6r Prof. Dr. Rana K\u0130BAR\u2019a, haftan\u0131n sembol\u00fc olan, l\u00f6semi ile m\u00fccadele ve ya\u015fama tutunmay\u0131 temsil eden turuncu kurdele tak\u0131ld\u0131. Rekt\u00f6r Kibar ise g\u00f6r\u00fc\u015fmede haz\u0131r bulunan ve l\u00f6semiyi yenerek sa\u011fl\u0131klar\u0131na kavu\u015fan \u00e7ocuklar\u0131n azimli m\u00fccadelesini takdir etti\u011fini belirterek, onlara moral vermek amac\u0131yla \u00f6zel olarak haz\u0131rlanan hediyeleri bizzat takdim etti.<br \/>\n<br \/>Ziyaret, kar\u015f\u0131l\u0131kl\u0131 iyi niyet dileklerinin ard\u0131ndan foto\u011fraf \u00e7ekimi ile sona erdi.<br \/><\/p>\n","protected":false},"excerpt":{"rendered":"<p>Manisa Celal Bayar \u00dcniversitesi Rekt\u00f6r\u00fc Prof. Dr. Rana Kibar makam\u0131nda a\u011f\u0131rlad\u0131\u011f\u0131 L\u00f6semili \u00c7ocuklar Sa\u011fl\u0131k ve E\u011fitim Vakf\u0131 (L\u00d6SEV) yetkilileri ile l\u00f6semili \u00e7ocuklar\u0131n ya\u015fad\u0131\u011f\u0131 zorluklara dikkat \u00e7ekilerek onlara sa\u011flanan desteklerin s\u00fcrd\u00fcr\u00fclmesi konular\u0131 ele al\u0131nd\u0131. L\u00d6SEV yetkilileri, 2-8 Kas\u0131m L\u00f6semili \u00c7ocuklar Haftas\u0131 fark\u0131ndal\u0131k etkinlikleri kapsam\u0131nda Manisa Celal Bayar \u00dcniversitesi Rekt\u00f6r\u00fc Prof. Dr. Rana Kibar\u2019\u0131 makam\u0131nda ziyaret etti&#8230;.<\/p>\n","protected":false},"author":1,"featured_media":66226,"comment_status":"open","ping_status":"open","sticky":false,"template":"","format":"standard","meta":{"_crdt_document":"","footnotes":""},"categories":[1],"tags":[],"class_list":["post-66225","post","type-post","status-publish","format-standard","has-post-thumbnail","hentry","category-guncel"],"_links":{"self":[{"href":"https:\/\/www.egemtv.com\/index.php?rest_route=\/wp\/v2\/posts\/66225","targetHints":{"allow":["GET"]}}],"collection":[{"href":"https:\/\/www.egemtv.com\/index.php?rest_route=\/wp\/v2\/posts"}],"about":[{"href":"https:\/\/www.egemtv.com\/index.php?rest_route=\/wp\/v2\/types\/post"}],"author":[{"embeddable":true,"href":"https:\/\/www.egemtv.com\/index.php?rest_route=\/wp\/v2\/users\/1"}],"replies":[{"embeddable":true,"href":"https:\/\/www.egemtv.com\/index.php?rest_route=%2Fwp%2Fv2%2Fcomments&post=66225"}],"version-history":[{"count":1,"href":"https:\/\/www.egemtv.com\/index.php?rest_route=\/wp\/v2\/posts\/66225\/revisions"}],"predecessor-version":[{"id":66227,"href":"https:\/\/www.egemtv.com\/index.php?rest_route=\/wp\/v2\/posts\/66225\/revisions\/66227"}],"wp:featuredmedia":[{"embeddable":true,"href":"https:\/\/www.egemtv.com\/index.php?rest_route=\/wp\/v2\/media\/66226"}],"wp:attachment":[{"href":"https:\/\/www.egemtv.com\/index.php?rest_route=%2Fwp%2Fv2%2Fmedia&parent=66225"}],"wp:term":[{"taxonomy":"category","embeddable":true,"href":"https:\/\/www.egemtv.com\/index.php?rest_route=%2Fwp%2Fv2%2Fcategories&post=66225"},{"taxonomy":"post_tag","embeddable":true,"href":"https:\/\/www.egemtv.com\/index.php?rest_route=%2Fwp%2Fv2%2Ftags&post=66225"}],"curies":[{"name":"wp","href":"https:\/\/api.w.org\/{rel}","templated":true}]}}