{"id":66222,"date":"2025-11-06T16:35:26","date_gmt":"2025-11-06T13:35:26","guid":{"rendered":"https:\/\/www.egemtv.com\/?p=66222"},"modified":"2025-11-06T16:35:31","modified_gmt":"2025-11-06T13:35:31","slug":"ak-partili-baybaturdan-sarigol-ovasina-mujde","status":"publish","type":"post","link":"https:\/\/www.egemtv.com\/?p=66222","title":{"rendered":"AK Parti\u2019li Baybatur\u2019dan Sar\u0131g\u00f6l Ovas\u0131na m\u00fcjde"},"content":{"rendered":"<p>AK Parti Manisa Milletvekili Murat Baybatur, Tar\u0131m ve Orman Bakan\u0131 \u0130brahim Yumakl\u0131 ile yap\u0131lan g\u00f6r\u00fc\u015fmelerin ard\u0131ndan Sar\u0131g\u00f6l Ovas\u0131\u2019nda su s\u0131k\u0131nt\u0131s\u0131n\u0131n giderilmesine y\u00f6nelik \u00f6nemli bir ad\u0131m at\u0131ld\u0131\u011f\u0131n\u0131 duyurdu.<br \/>\n<br \/>AK Parti Manisa Milletvekili Murat Baybatur, AK Parti Manisa Milletvekili Tamer Akkal ile birlikte Tar\u0131m ve Orman Bakan\u0131 \u0130brahim Yumakl\u0131 ile Eziler Deresi\u2019nden Buldan Baraj\u0131\u2019na su aktar\u0131lmas\u0131n\u0131 i\u00e7eren proje hakk\u0131nda bir g\u00f6r\u00fc\u015fme yapt\u0131klar\u0131n\u0131 a\u00e7\u0131klad\u0131. Eziler Deresi\u2019nden Buldan Baraj\u0131\u2019na su aktar\u0131lmas\u0131n\u0131 i\u00e7eren proje ile Sar\u0131g\u00f6l Ovas\u0131\u2019nda su s\u0131k\u0131nt\u0131s\u0131n\u0131n azalaca\u011f\u0131n\u0131 ifade eden Baybatur, 273 hektarl\u0131k tar\u0131m arazisinin sulamaya a\u00e7\u0131larak 110 milyon TL\u2019lik yat\u0131r\u0131mla \u00e7ift\u00e7inin verimini art\u0131raca\u011f\u0131n\u0131 belirtti.<br \/>\n<br \/>Baybatur, Eziler Derivasyonu projesi kapsam\u0131nda Eziler Deresi\u2019nden al\u0131nacak suyun iletim hatt\u0131yla Buldan Baraj\u0131\u2019na aktar\u0131laca\u011f\u0131n\u0131, b\u00f6ylece daha \u00f6nce su yetersizli\u011fi nedeniyle sulanamayan yakla\u015f\u0131k 273 hektarl\u0131k tar\u0131m arazisinin sulamaya dahil edilece\u011fini a\u00e7\u0131klad\u0131.<br \/>\n<br \/>Projenin yeni bir sulama alan\u0131 a\u00e7maktan ziyade mevcut su kaynaklar\u0131n\u0131 destekleyerek verimlili\u011fi art\u0131rmay\u0131 hedefledi\u011fini vurgulayan Baybatur, &#8220;Bu \u00e7al\u0131\u015fma \u00e7ift\u00e7imizin al\u0131n terine bereket katmak i\u00e7in yap\u0131lan bir su takviyesidir.&#8221; dedi.<br \/>\n<br \/>Yakla\u015f\u0131k 110 milyon TL yat\u0131r\u0131m bedeli bulunan projede planlama ve proje \u00e7al\u0131\u015fmalar\u0131n\u0131n tamamland\u0131\u011f\u0131n\u0131 kaydeden Baybatur, tesislerin yat\u0131r\u0131m program\u0131na al\u0131nmak \u00fczere haz\u0131r oldu\u011funu belirtti.<br \/>\n<br \/>&#8220;Su, topra\u011fa; bereket, Sar\u0131g\u00f6l\u2019e hayat olacak.&#8221; diyen Milletvekili Baybatur, s\u00f6z konusu ad\u0131m\u0131n b\u00f6lge tar\u0131m\u0131 i\u00e7in b\u00fcy\u00fck \u00f6nem ta\u015f\u0131d\u0131\u011f\u0131n\u0131 ifade etti.<br \/><\/p>\n","protected":false},"excerpt":{"rendered":"<p>AK Parti Manisa Milletvekili Murat Baybatur, Tar\u0131m ve Orman Bakan\u0131 \u0130brahim Yumakl\u0131 ile yap\u0131lan g\u00f6r\u00fc\u015fmelerin ard\u0131ndan Sar\u0131g\u00f6l Ovas\u0131\u2019nda su s\u0131k\u0131nt\u0131s\u0131n\u0131n giderilmesine y\u00f6nelik \u00f6nemli bir ad\u0131m at\u0131ld\u0131\u011f\u0131n\u0131 duyurdu. AK Parti Manisa Milletvekili Murat Baybatur, AK Parti Manisa Milletvekili Tamer Akkal ile birlikte Tar\u0131m ve Orman Bakan\u0131 \u0130brahim Yumakl\u0131 ile Eziler Deresi\u2019nden Buldan Baraj\u0131\u2019na su aktar\u0131lmas\u0131n\u0131 i\u00e7eren&#8230;<\/p>\n","protected":false},"author":1,"featured_media":66223,"comment_status":"open","ping_status":"open","sticky":false,"template":"","format":"standard","meta":{"_crdt_document":"","footnotes":""},"categories":[125],"tags":[],"class_list":["post-66222","post","type-post","status-publish","format-standard","has-post-thumbnail","hentry","category-ekonomi"],"_links":{"self":[{"href":"https:\/\/www.egemtv.com\/index.php?rest_route=\/wp\/v2\/posts\/66222","targetHints":{"allow":["GET"]}}],"collection":[{"href":"https:\/\/www.egemtv.com\/index.php?rest_route=\/wp\/v2\/posts"}],"about":[{"href":"https:\/\/www.egemtv.com\/index.php?rest_route=\/wp\/v2\/types\/post"}],"author":[{"embeddable":true,"href":"https:\/\/www.egemtv.com\/index.php?rest_route=\/wp\/v2\/users\/1"}],"replies":[{"embeddable":true,"href":"https:\/\/www.egemtv.com\/index.php?rest_route=%2Fwp%2Fv2%2Fcomments&post=66222"}],"version-history":[{"count":1,"href":"https:\/\/www.egemtv.com\/index.php?rest_route=\/wp\/v2\/posts\/66222\/revisions"}],"predecessor-version":[{"id":66224,"href":"https:\/\/www.egemtv.com\/index.php?rest_route=\/wp\/v2\/posts\/66222\/revisions\/66224"}],"wp:featuredmedia":[{"embeddable":true,"href":"https:\/\/www.egemtv.com\/index.php?rest_route=\/wp\/v2\/media\/66223"}],"wp:attachment":[{"href":"https:\/\/www.egemtv.com\/index.php?rest_route=%2Fwp%2Fv2%2Fmedia&parent=66222"}],"wp:term":[{"taxonomy":"category","embeddable":true,"href":"https:\/\/www.egemtv.com\/index.php?rest_route=%2Fwp%2Fv2%2Fcategories&post=66222"},{"taxonomy":"post_tag","embeddable":true,"href":"https:\/\/www.egemtv.com\/index.php?rest_route=%2Fwp%2Fv2%2Ftags&post=66222"}],"curies":[{"name":"wp","href":"https:\/\/api.w.org\/{rel}","templated":true}]}}