{"id":66219,"date":"2025-11-06T16:35:13","date_gmt":"2025-11-06T13:35:13","guid":{"rendered":"https:\/\/www.egemtv.com\/?p=66219"},"modified":"2025-11-06T16:35:20","modified_gmt":"2025-11-06T13:35:20","slug":"turk-kizilay-manisadan-tedavi-goren-vatandaslara-giysi-destegi","status":"publish","type":"post","link":"https:\/\/www.egemtv.com\/?p=66219","title":{"rendered":"T\u00fcrk K\u0131z\u0131lay Manisa\u2019dan tedavi g\u00f6ren vatanda\u015flara giysi deste\u011fi"},"content":{"rendered":"<p>T\u00fcrk K\u0131z\u0131lay Manisa \u0130l Merkezi taraf\u0131ndan Manisa Ruh Sa\u011fl\u0131\u011f\u0131 ve Hastal\u0131klar\u0131 Hastanesinde tedavi g\u00f6ren vatanda\u015flara pijama, i\u00e7 \u00e7ama\u015f\u0131r\u0131 ve k\u0131yafet deste\u011finde bulunuldu.<br \/>\n<br \/>T\u00fcrk K\u0131z\u0131lay Manisa \u0130l Merkezi Ba\u015fkan\u0131 \u00d6ner G\u00fcrsel ve Y\u00f6netim Kurulu \u00dcyeleri, Manisa Ruh Sa\u011fl\u0131\u011f\u0131 ve Hastal\u0131klar\u0131 Hastanesi Ba\u015fhekimi Uzm. Dr. Cengiz Cengisiz ve hastane y\u00f6netimini ziyaret etti. G\u00fcrsel ve y\u00f6netim kurulu \u00fcyeleri ziyarette, tedavileri devam eden hastalara pijama, i\u00e7 \u00e7ama\u015f\u0131r\u0131 ve k\u0131yafet deste\u011finde bulunuldu.<br \/>\n<br \/>T\u00fcrk K\u0131z\u0131lay Manisa \u0130l Ba\u015fkan\u0131 \u00d6ner G\u00fcrsel, yapt\u0131\u011f\u0131 a\u00e7\u0131klamada &#8220;K\u0131z\u0131lay olarak her zaman vatanda\u015flar\u0131m\u0131z\u0131n yan\u0131nda olmay\u0131 bir g\u00f6rev olarak benimsiyor ve \u00e7al\u0131\u015fmalar\u0131m\u0131z\u0131 s\u00fcrd\u00fcr\u00fcyoruz. Bu t\u00fcr ziyaretlerle hem hastalar\u0131m\u0131za moral hem de dayan\u0131\u015fma ruhunu canl\u0131 tutuyoruz. \u0130yili\u011fi payla\u015fmak bizim i\u00e7in bir gelenek de\u011fil, bir sorumluluk&#8221; ifadelerini kulland\u0131.<br \/>\n<br \/>Manisa Ruh ve Sinir Hastal\u0131klar\u0131 Hastanesi Ba\u015fhekimi Uzman Dr. Cengiz Cengisiz, T\u00fcrk K\u0131z\u0131lay Manisa \u0130l Merkezi Ba\u015fkan\u0131 \u00d6ner G\u00fcrsel ve hay\u0131rseverlere yap\u0131lan yard\u0131mlardan dolay\u0131 te\u015fekk\u00fcrlerini iletti.<br \/><\/p>\n","protected":false},"excerpt":{"rendered":"<p>T\u00fcrk K\u0131z\u0131lay Manisa \u0130l Merkezi taraf\u0131ndan Manisa Ruh Sa\u011fl\u0131\u011f\u0131 ve Hastal\u0131klar\u0131 Hastanesinde tedavi g\u00f6ren vatanda\u015flara pijama, i\u00e7 \u00e7ama\u015f\u0131r\u0131 ve k\u0131yafet deste\u011finde bulunuldu. T\u00fcrk K\u0131z\u0131lay Manisa \u0130l Merkezi Ba\u015fkan\u0131 \u00d6ner G\u00fcrsel ve Y\u00f6netim Kurulu \u00dcyeleri, Manisa Ruh Sa\u011fl\u0131\u011f\u0131 ve Hastal\u0131klar\u0131 Hastanesi Ba\u015fhekimi Uzm. Dr. Cengiz Cengisiz ve hastane y\u00f6netimini ziyaret etti. G\u00fcrsel ve y\u00f6netim kurulu \u00fcyeleri&#8230;<\/p>\n","protected":false},"author":1,"featured_media":66220,"comment_status":"open","ping_status":"open","sticky":false,"template":"","format":"standard","meta":{"_crdt_document":"","footnotes":""},"categories":[2],"tags":[],"class_list":["post-66219","post","type-post","status-publish","format-standard","has-post-thumbnail","hentry","category-saglik"],"_links":{"self":[{"href":"https:\/\/www.egemtv.com\/index.php?rest_route=\/wp\/v2\/posts\/66219","targetHints":{"allow":["GET"]}}],"collection":[{"href":"https:\/\/www.egemtv.com\/index.php?rest_route=\/wp\/v2\/posts"}],"about":[{"href":"https:\/\/www.egemtv.com\/index.php?rest_route=\/wp\/v2\/types\/post"}],"author":[{"embeddable":true,"href":"https:\/\/www.egemtv.com\/index.php?rest_route=\/wp\/v2\/users\/1"}],"replies":[{"embeddable":true,"href":"https:\/\/www.egemtv.com\/index.php?rest_route=%2Fwp%2Fv2%2Fcomments&post=66219"}],"version-history":[{"count":1,"href":"https:\/\/www.egemtv.com\/index.php?rest_route=\/wp\/v2\/posts\/66219\/revisions"}],"predecessor-version":[{"id":66221,"href":"https:\/\/www.egemtv.com\/index.php?rest_route=\/wp\/v2\/posts\/66219\/revisions\/66221"}],"wp:featuredmedia":[{"embeddable":true,"href":"https:\/\/www.egemtv.com\/index.php?rest_route=\/wp\/v2\/media\/66220"}],"wp:attachment":[{"href":"https:\/\/www.egemtv.com\/index.php?rest_route=%2Fwp%2Fv2%2Fmedia&parent=66219"}],"wp:term":[{"taxonomy":"category","embeddable":true,"href":"https:\/\/www.egemtv.com\/index.php?rest_route=%2Fwp%2Fv2%2Fcategories&post=66219"},{"taxonomy":"post_tag","embeddable":true,"href":"https:\/\/www.egemtv.com\/index.php?rest_route=%2Fwp%2Fv2%2Ftags&post=66219"}],"curies":[{"name":"wp","href":"https:\/\/api.w.org\/{rel}","templated":true}]}}