{"id":66216,"date":"2025-11-06T16:15:25","date_gmt":"2025-11-06T13:15:25","guid":{"rendered":"https:\/\/www.egemtv.com\/?p=66216"},"modified":"2025-11-06T16:15:27","modified_gmt":"2025-11-06T13:15:27","slug":"suhutda-ust-yapi-calismalari-devam-ediyor","status":"publish","type":"post","link":"https:\/\/www.egemtv.com\/?p=66216","title":{"rendered":"\u015euhut\u2019da \u00fcst yap\u0131 \u00e7al\u0131\u015fmalar\u0131 devam ediyor"},"content":{"rendered":"<p>Afyonkarahisar\u2019\u0131n \u015euhut il\u00e7esinde yol yap\u0131m ve altyap\u0131 \u00e7al\u0131\u015fmalar\u0131 t\u00fcm h\u0131z\u0131yla s\u00fcr\u00fcyor.<br \/>\n<br \/>Karayollar\u0131 ve belediyeye ba\u011fl\u0131 ekipler taraf\u0131ndan il\u00e7e merkezinde ula\u015f\u0131m konforunu art\u0131rmak ve caddelerin altyap\u0131 ihtiya\u00e7lar\u0131n\u0131 gidermek amac\u0131yla ba\u015flat\u0131lan \u00e7al\u0131\u015fmalar, \u00f6zellikle Alt\u0131g\u00f6z mevkii ile Fatih Camii yolu g\u00fczergah\u0131nda yo\u011funla\u015fm\u0131\u015f durumda.<br \/>\n<br \/>Yetkililer, yap\u0131lan \u00e7al\u0131\u015fmalar \u00e7er\u00e7evesinde bozulan yollar\u0131n s\u0131cak asfalt ile yenilendi\u011fini, su ve kanalizasyon hatlar\u0131n\u0131n da modern sistemlerle g\u00fc\u00e7lendirildi\u011fini belirtti. Vatanda\u015flar\u0131n daha g\u00fcvenli ve konforlu bir \u015fekilde ula\u015f\u0131m sa\u011flamas\u0131 hedefleniyor.<br \/>\n<br \/>\u00c7al\u0131\u015fmalar\u0131n k\u0131sa s\u00fcre i\u00e7inde tamamlanarak yollar\u0131n yeniden trafi\u011fe a\u00e7\u0131lmas\u0131 bekleniyor.<br \/><\/p>\n","protected":false},"excerpt":{"rendered":"<p>Afyonkarahisar\u2019\u0131n \u015euhut il\u00e7esinde yol yap\u0131m ve altyap\u0131 \u00e7al\u0131\u015fmalar\u0131 t\u00fcm h\u0131z\u0131yla s\u00fcr\u00fcyor. Karayollar\u0131 ve belediyeye ba\u011fl\u0131 ekipler taraf\u0131ndan il\u00e7e merkezinde ula\u015f\u0131m konforunu art\u0131rmak ve caddelerin altyap\u0131 ihtiya\u00e7lar\u0131n\u0131 gidermek amac\u0131yla ba\u015flat\u0131lan \u00e7al\u0131\u015fmalar, \u00f6zellikle Alt\u0131g\u00f6z mevkii ile Fatih Camii yolu g\u00fczergah\u0131nda yo\u011funla\u015fm\u0131\u015f durumda. Yetkililer, yap\u0131lan \u00e7al\u0131\u015fmalar \u00e7er\u00e7evesinde bozulan yollar\u0131n s\u0131cak asfalt ile yenilendi\u011fini, su ve kanalizasyon hatlar\u0131n\u0131n da&#8230;<\/p>\n","protected":false},"author":1,"featured_media":66217,"comment_status":"open","ping_status":"open","sticky":false,"template":"","format":"standard","meta":{"_crdt_document":"","footnotes":""},"categories":[1],"tags":[],"class_list":["post-66216","post","type-post","status-publish","format-standard","has-post-thumbnail","hentry","category-guncel"],"_links":{"self":[{"href":"https:\/\/www.egemtv.com\/index.php?rest_route=\/wp\/v2\/posts\/66216","targetHints":{"allow":["GET"]}}],"collection":[{"href":"https:\/\/www.egemtv.com\/index.php?rest_route=\/wp\/v2\/posts"}],"about":[{"href":"https:\/\/www.egemtv.com\/index.php?rest_route=\/wp\/v2\/types\/post"}],"author":[{"embeddable":true,"href":"https:\/\/www.egemtv.com\/index.php?rest_route=\/wp\/v2\/users\/1"}],"replies":[{"embeddable":true,"href":"https:\/\/www.egemtv.com\/index.php?rest_route=%2Fwp%2Fv2%2Fcomments&post=66216"}],"version-history":[{"count":1,"href":"https:\/\/www.egemtv.com\/index.php?rest_route=\/wp\/v2\/posts\/66216\/revisions"}],"predecessor-version":[{"id":66218,"href":"https:\/\/www.egemtv.com\/index.php?rest_route=\/wp\/v2\/posts\/66216\/revisions\/66218"}],"wp:featuredmedia":[{"embeddable":true,"href":"https:\/\/www.egemtv.com\/index.php?rest_route=\/wp\/v2\/media\/66217"}],"wp:attachment":[{"href":"https:\/\/www.egemtv.com\/index.php?rest_route=%2Fwp%2Fv2%2Fmedia&parent=66216"}],"wp:term":[{"taxonomy":"category","embeddable":true,"href":"https:\/\/www.egemtv.com\/index.php?rest_route=%2Fwp%2Fv2%2Fcategories&post=66216"},{"taxonomy":"post_tag","embeddable":true,"href":"https:\/\/www.egemtv.com\/index.php?rest_route=%2Fwp%2Fv2%2Ftags&post=66216"}],"curies":[{"name":"wp","href":"https:\/\/api.w.org\/{rel}","templated":true}]}}