{"id":66213,"date":"2025-11-06T16:15:22","date_gmt":"2025-11-06T13:15:22","guid":{"rendered":"https:\/\/www.egemtv.com\/?p=66213"},"modified":"2025-11-06T16:15:24","modified_gmt":"2025-11-06T13:15:24","slug":"salihlide-metruk-binalar-masaya-yatirildi-2","status":"publish","type":"post","link":"https:\/\/www.egemtv.com\/?p=66213","title":{"rendered":"Salihli\u2019de metruk binalar masaya yat\u0131r\u0131ld\u0131"},"content":{"rendered":"<p>Manisa\u2019n\u0131n Salihli il\u00e7esinde metruk binalara y\u00f6nelik \u00e7al\u0131\u015fmalar, Kaymakam Ali G\u00fcldo\u011fan ba\u015fkanl\u0131\u011f\u0131nda yap\u0131lan toplant\u0131da ele al\u0131nd\u0131.<br \/>\n<br \/>Kamu d\u00fczenini korumak, vatanda\u015flar\u0131n can ve mal g\u00fcvenli\u011fini sa\u011flamak, \u00e7evre ve g\u00f6r\u00fcnt\u00fc kirlili\u011fini ortadan kald\u0131rmak amac\u0131yla d\u00fczenlenen Metruk Binalar Toplant\u0131s\u0131, Salihli Kaymakam\u0131 Ali G\u00fcldo\u011fan ba\u015fkanl\u0131\u011f\u0131nda ger\u00e7ekle\u015ftirildi.<br \/>\n<br \/>Toplant\u0131da, il\u00e7e genelinde tehlike arz eden, terk edilmi\u015f ve g\u00f6r\u00fcnt\u00fc kirlili\u011fine neden olan binalara ili\u015fkin y\u00fcr\u00fct\u00fclen \u00e7al\u0131\u015fmalar g\u00f6zden ge\u00e7irildi. Metruk binalarla ilgili idari ve adli tedbirlerin etkin \u015fekilde uygulanmas\u0131, tespitlerin h\u0131zland\u0131r\u0131lmas\u0131 ve al\u0131nacak \u00f6nlemler konusunda g\u00f6r\u00fc\u015f al\u0131\u015fveri\u015finde bulunuldu.<br \/>\n<br \/>Son bir ay i\u00e7erisinde yap\u0131lan \u00e7al\u0131\u015fmalar\u0131n de\u011ferlendirildi\u011fi toplant\u0131da, vatanda\u015f g\u00fcvenli\u011fini tehdit eden yap\u0131larla m\u00fccadelenin kararl\u0131l\u0131kla s\u00fcrd\u00fcr\u00fclece\u011fi vurguland\u0131.<br \/>\n<br \/>Kaymakam G\u00fcldo\u011fan, &#8220;Metruk binalar hem g\u00fcvenlik a\u00e7\u0131s\u0131ndan risk olu\u015fturuyor hem de \u015fehir esteti\u011fini olumsuz etkiliyor. T\u00fcm kurumlar\u0131m\u0131zla i\u015f birli\u011fi i\u00e7inde bu sorunlar\u0131 ortadan kald\u0131raca\u011f\u0131z.&#8221; ifadelerini kulland\u0131.<br \/><\/p>\n","protected":false},"excerpt":{"rendered":"<p>Manisa\u2019n\u0131n Salihli il\u00e7esinde metruk binalara y\u00f6nelik \u00e7al\u0131\u015fmalar, Kaymakam Ali G\u00fcldo\u011fan ba\u015fkanl\u0131\u011f\u0131nda yap\u0131lan toplant\u0131da ele al\u0131nd\u0131. Kamu d\u00fczenini korumak, vatanda\u015flar\u0131n can ve mal g\u00fcvenli\u011fini sa\u011flamak, \u00e7evre ve g\u00f6r\u00fcnt\u00fc kirlili\u011fini ortadan kald\u0131rmak amac\u0131yla d\u00fczenlenen Metruk Binalar Toplant\u0131s\u0131, Salihli Kaymakam\u0131 Ali G\u00fcldo\u011fan ba\u015fkanl\u0131\u011f\u0131nda ger\u00e7ekle\u015ftirildi. Toplant\u0131da, il\u00e7e genelinde tehlike arz eden, terk edilmi\u015f ve g\u00f6r\u00fcnt\u00fc kirlili\u011fine neden olan binalara&#8230;<\/p>\n","protected":false},"author":1,"featured_media":66214,"comment_status":"open","ping_status":"open","sticky":false,"template":"","format":"standard","meta":{"_crdt_document":"","footnotes":""},"categories":[5],"tags":[],"class_list":["post-66213","post","type-post","status-publish","format-standard","has-post-thumbnail","hentry","category-asayis"],"_links":{"self":[{"href":"https:\/\/www.egemtv.com\/index.php?rest_route=\/wp\/v2\/posts\/66213","targetHints":{"allow":["GET"]}}],"collection":[{"href":"https:\/\/www.egemtv.com\/index.php?rest_route=\/wp\/v2\/posts"}],"about":[{"href":"https:\/\/www.egemtv.com\/index.php?rest_route=\/wp\/v2\/types\/post"}],"author":[{"embeddable":true,"href":"https:\/\/www.egemtv.com\/index.php?rest_route=\/wp\/v2\/users\/1"}],"replies":[{"embeddable":true,"href":"https:\/\/www.egemtv.com\/index.php?rest_route=%2Fwp%2Fv2%2Fcomments&post=66213"}],"version-history":[{"count":1,"href":"https:\/\/www.egemtv.com\/index.php?rest_route=\/wp\/v2\/posts\/66213\/revisions"}],"predecessor-version":[{"id":66215,"href":"https:\/\/www.egemtv.com\/index.php?rest_route=\/wp\/v2\/posts\/66213\/revisions\/66215"}],"wp:featuredmedia":[{"embeddable":true,"href":"https:\/\/www.egemtv.com\/index.php?rest_route=\/wp\/v2\/media\/66214"}],"wp:attachment":[{"href":"https:\/\/www.egemtv.com\/index.php?rest_route=%2Fwp%2Fv2%2Fmedia&parent=66213"}],"wp:term":[{"taxonomy":"category","embeddable":true,"href":"https:\/\/www.egemtv.com\/index.php?rest_route=%2Fwp%2Fv2%2Fcategories&post=66213"},{"taxonomy":"post_tag","embeddable":true,"href":"https:\/\/www.egemtv.com\/index.php?rest_route=%2Fwp%2Fv2%2Ftags&post=66213"}],"curies":[{"name":"wp","href":"https:\/\/api.w.org\/{rel}","templated":true}]}}