{"id":66210,"date":"2025-11-06T16:15:20","date_gmt":"2025-11-06T13:15:20","guid":{"rendered":"https:\/\/www.egemtv.com\/?p=66210"},"modified":"2025-11-06T16:15:21","modified_gmt":"2025-11-06T13:15:21","slug":"tarim-fuarinda-su-seferberligi-cagrisi","status":"publish","type":"post","link":"https:\/\/www.egemtv.com\/?p=66210","title":{"rendered":"Tar\u0131m Fuar\u0131nda su seferberli\u011fi \u00e7a\u011fr\u0131s\u0131"},"content":{"rendered":"<p>Bu sene 19\u2019uncusu ger\u00e7ekle\u015ftirilen Manisa Tar\u0131m ve Hayvanc\u0131l\u0131k Fuar\u0131nda konu\u015fan Manisa B\u00fcy\u00fck\u015fehir Belediye Ba\u015fkan\u0131 Besim Dutlulu ya\u015fanan su sorunu nedeniyle kurumlara adeta seferberlik \u00e7a\u011fr\u0131s\u0131 yapt\u0131. Su kaynaklar\u0131n\u0131n h\u0131zla t\u00fckendi\u011fini vurgulayan Ba\u015fkan Besim Dutlulu, tar\u0131msal \u00fcretimin devam\u0131 i\u00e7in acil \u00f6nlem al\u0131nmas\u0131 gerekti\u011fini s\u00f6yledi.<br \/>\n<br \/>19. Uluslararas\u0131 Manisa Tar\u0131m ve Hayvanc\u0131l\u0131k Fuar\u0131 a\u00e7\u0131l\u0131\u015f\u0131 ger\u00e7ekle\u015ftirildi. 150\u2019den fazla firman\u0131n binin \u00fczerinde markayla kat\u0131ld\u0131\u011f\u0131 fuarda son teknoloji tar\u0131msal \u00fcr\u00fcnler \u00e7ift\u00e7ilerin b\u00fcy\u00fck ilgisini \u00e7ekti. Trakt\u00f6r sat\u0131\u015f\u0131 ve trakt\u00f6r say\u0131s\u0131 bak\u0131m\u0131ndan 81 il i\u00e7inde ilk s\u0131rada yer alan Manisa\u2019daki fuar\u0131n en g\u00f6zde ara\u00e7lar\u0131 yine trakt\u00f6rler oldu.<br \/>\n<br \/>TACT Fuarc\u0131l\u0131k taraf\u0131ndan Manisa B\u00fcy\u00fck\u015fehir Belediyesi Fuar Merkezinde ger\u00e7ekle\u015ftirilen a\u00e7\u0131l\u0131\u015fa Manisa Valisi Vahdettin \u00d6zkan, Manisa B\u00fcy\u00fck\u015fehir Belediye Ba\u015fkan\u0131 Besim Dutlulu, Tar\u0131m ve Orman Bakanl\u0131\u011f\u0131 Yay\u0131m ve E\u011fitim Daire Ba\u015fkan\u0131 S\u00fcrur K\u0131r, Manisa Ticaret Borsas\u0131 Ba\u015fkan\u0131 Sad\u0131k \u00d6zkasap, \u015eehzadeler Ziraat Odas\u0131 Ba\u015fkan\u0131 H\u00fcseyin Alt\u0131nda\u011f, Yunusemre Belediye Ba\u015fkan\u0131 Semih Balaban, kurum m\u00fcd\u00fcrleri, STK temsilcileri, siyasi parti temsilcileri ve \u00e7ok say\u0131da \u00fcretici kat\u0131ld\u0131.<br \/>\n<br \/>Fuar\u0131n a\u00e7\u0131l\u0131\u015f konu\u015fmas\u0131n\u0131 yapan TACT Fuarc\u0131l\u0131k Y\u00f6netim Kurulu Ba\u015fkan\u0131 Didem Simsaro\u011flu, &#8220;Manisa binlerce y\u0131ld\u0131r topra\u011f\u0131yla, suyu ve eme\u011fiyle ya\u015fayan bir \u015fehir. Fakat art\u0131k tar\u0131m yaln\u0131zca toprakla de\u011fil, bilgiyle ve teknolojiyle yap\u0131lmak zorunda. Bu d\u00fc\u015f\u00fcncelerimizi ve \u0131srar\u0131m\u0131z\u0131 19 y\u0131ld\u0131r kesintisiz s\u00fcrd\u00fcr\u00fcyoruz. Bu sebeple y\u0131llard\u0131r b\u00fcy\u00fcyerek geli\u015fen fuar\u0131m\u0131zda sadece \u00fcr\u00fcnler de\u011fil, ayn\u0131 zamanda gelece\u011fin tar\u0131m\u0131 sergileniyor. Bu y\u0131l 150 firma ve bine yak\u0131n marka, ak\u0131ll\u0131 sulama sistemlerinden verim izleme sens\u00f6rlerine, dijital tar\u0131m \u00e7\u00f6z\u00fcmlerinden enerji tasarruflu \u00fcretim teknolojilerine kadar pek \u00e7ok yenili\u011fi tan\u0131t\u0131yor.&#8221; dedi.<\/p>\n<p>&#8220;Tar\u0131m savunma sanayisi kadar \u00f6nemli&#8221;<br \/>\n<br \/>Manisa Ticaret Borsas\u0131 Ba\u015fkan\u0131 Sad\u0131k \u00d6zkasap, &#8220;Verimli topraklar\u0131yla Manisa\u2019m\u0131z T\u00fcrkiye\u2019nin tar\u0131msal \u00fcretiminde \u00f6nc\u00fc bir konumdad\u0131r. \u00dcz\u00fcmden zeytine, zeytinden pamu\u011fa kadar pek \u00e7ok \u00fcr\u00fcnde g\u00fc\u00e7l\u00fc bir \u00fcretim kapasitesine sahibiz. Bu \u00fcretim g\u00fcc\u00fcm\u00fcz\u00fc daha ileri ta\u015f\u0131mak, \u00e7ift\u00e7imizin eme\u011fi modern tar\u0131m\u0131yla bulu\u015fturmak ve verimlili\u011fi artt\u0131rmak hepimizin ortak hedefidir. Tar\u0131m fuarlar\u0131 i\u015fte bu do\u011frultuda yani makine ve teknolojinin tan\u0131t\u0131ld\u0131\u011f\u0131, \u00fcreticimizin bilgi ile g\u00fc\u00e7lendi\u011fi \u00f6nemli bir bulu\u015fma noktas\u0131d\u0131r. Tar\u0131m gelece\u011fimiz a\u00e7\u0131s\u0131ndan \u00f6n\u00fcm\u00fczdeki d\u00f6nemlerde daha b\u00fcy\u00fck bir \u00f6nem ta\u015f\u0131yacak. \u00dclkemiz i\u00e7in savunma sanayisi ne kadar \u00f6nemliyse tar\u0131m da o kadar \u00f6nemlidir.&#8221; diye konu\u015ftu.<\/p>\n<p>&#8220;Manisa\u2019da 400 bin ki\u015fi ekme\u011fini tar\u0131mdan kazan\u0131yor&#8221;<br \/>\n<br \/>\u015eehzadeler Ziraat Odas\u0131 Ba\u015fkan\u0131 H\u00fcseyin Alt\u0131nda\u011f, &#8220;Bug\u00fcn burada ilimizin ve b\u00f6lgemizin tar\u0131m ve hayvanc\u0131l\u0131k alan\u0131ndaki g\u00fcc\u00fcn\u00fc, potansiyelini ve yenilikleri a\u00e7\u0131k vizyonu bir kez daha ortaya koymak \u00fczere bir araday\u0131z. Tar\u0131m ve hayvanc\u0131l\u0131k fuar\u0131 \u00e7ift\u00e7ilerimizin yeni teknolojilerle tan\u0131\u015fmas\u0131na bilgi ve deneyim payla\u015f\u0131m\u0131nda bulunmas\u0131na vesile olacakt\u0131r. Fuarlar sadece \u00fcr\u00fcnlerin sergilendi\u011fi alanlar de\u011fil. Ayn\u0131 zamanda son en son teknolojilerin tan\u0131t\u0131ld\u0131\u011f\u0131, yeniliklerin \u00f6\u011frenildi\u011fi ve \u00fcretici ile t\u00fcketici bir araya geldi\u011fi bilgi ve ticaret merkezidir. Tar\u0131m ve sanayi sekt\u00f6rlerinin birlikte geli\u015fti\u011fi nadir illerimizden biri olan Manisa\u2019da Yakla\u015f\u0131k 400 bin vatanda\u015f\u0131m\u0131z ge\u00e7imini do\u011frudan ya da dolayl\u0131 olarak tar\u0131m ve hayvanc\u0131l\u0131\u011fa sa\u011flamaktad\u0131r. \u00c7ok geni\u015f bir kesimde bu sekt\u00f6rden ekme\u011fini kazanmaktad\u0131r.&#8221; ifadelerini kullanarak \u00e7ift\u00e7inin kendini geli\u015ftirmesi i\u00e7in fuarlar\u0131n olduk\u00e7a \u00f6nemli oldu\u011funu s\u00f6yledi.<\/p>\n<p>&#8220;Fuarlar\u0131 \u00e7ok \u00f6nemsiyoruz&#8221;<br \/>\n<br \/>\u00c7ift\u00e7ilere bilgiyi her ortamda ula\u015ft\u0131rmaya \u00e7al\u0131\u015ft\u0131klar\u0131n\u0131 ve fuarlar\u0131n da bu metotlardan biri oldu\u011funu kaydeden Tar\u0131m ve Orman Bakanl\u0131\u011f\u0131 Yay\u0131m ve E\u011fitim Daire Ba\u015fkan\u0131 S\u00fcrur K\u0131r, &#8220;Tar\u0131m ve Orman Bakanl\u0131\u011f\u0131 E\u011fitim ve Yay\u0131n Dairesi olarak bizler \u00e7ift\u00e7ilerimize, \u00fcreticilerimize bilgiyi her ortamda her daim ula\u015ft\u0131rmaya \u00e7al\u0131\u015f\u0131yoruz. Bu ula\u015ft\u0131rmaya \u00e7al\u0131\u015ft\u0131\u011f\u0131m\u0131z metotlardan bir tanesi de tar\u0131m fuarlar\u0131. Tar\u0131m fuarlar\u0131nda en Son teknoloji, en yeni teknolojiler, \u00fcreticilerimizle, \u00e7ift\u00e7ilerimizle bulu\u015fuyor. Bu bizim yay\u0131n metotlar\u0131m\u0131zdan bir tanesidir. Bu deneyim alan\u0131 yay\u0131n metotlar\u0131m\u0131zdan bir tanesidir. Bu vesileyle fuarlar\u0131 olduk\u00e7a \u00f6nemsiyoruz.&#8221; dedi.<\/p>\n<p>&#8220;Su hikayesinin sonuna yakla\u015f\u0131yoruz&#8221;<br \/>\n<br \/>Fuarda Manisa\u2019n\u0131n ya\u015fad\u0131\u011f\u0131 su sorununa dikkat \u00e7eken ve konu\u015fmas\u0131n\u0131n b\u00fcy\u00fck bir k\u0131sm\u0131n\u0131 buna ay\u0131ran Manisa B\u00fcy\u00fck\u015fehir Belediye Ba\u015fkan\u0131 Besim Dutlulu, &#8220;Manisa ger\u00e7ekten tar\u0131m konusunda \u00e7ok \u00f6nemli bir \u015fehir ve \u00e7ok da do\u011fru i\u015fler yapan, y\u0131llar boyunca da iyi y\u00f6netildi\u011fini d\u00fc\u015f\u00fcnd\u00fc\u011f\u00fcm bir \u015fehir ama \u015funu da s\u00f6ylemeden demeyece\u011fim. Bir hikayenin sonuna do\u011fru yakla\u015f\u0131yoruz. Bu hikaye tar\u0131m hikayesi de\u011fil ama su hikayesi. Ne yaz\u0131k ki, dikkat \u00e7ekmek istedi\u011fim konu su ile ilgili \u00e7ok ciddi sorunlar\u0131m\u0131z var. Uzun vadeli olarak bu sorunlar artarak \u00e7o\u011falacak. Bununla ilgili biz Manisa B\u00fcy\u00fck\u015fehir Belediyesi olarak, ba\u015fta bakanl\u0131\u011f\u0131m\u0131z olmak \u00fczere, valili\u011fimiz olmak \u00fczere t\u00fcm kurumlar\u0131m\u0131za ortak \u00e7\u00f6z\u00fcmler \u00fcretmek istiyoruz. Biz tabii ki Tar\u0131m Orman Bakanl\u0131\u011f\u0131 de\u011filiz. Bir bakanl\u0131k nezdinde \u00e7\u00f6z\u00fcmler \u00fcretemeyiz. Ama k\u0131sa vadeli, orta vadeli, uzun vadeli planlar yapmam\u0131z, Devlet Su \u0130\u015fleriyle \u00e7al\u0131\u015fmalar yapmam\u0131z, tar\u0131msal sulama ile ilgili \u00e7al\u0131\u015fmalar yapmam\u0131z gerekli. Peki biz ne yap\u0131yoruz? \u00dcst\u00fcm\u00fcze d\u00fc\u015fen olarak ne yapaca\u011f\u0131z? Biz \u00f6zellikle 2026 y\u0131l\u0131ndaki tar\u0131ma desteklerimiz, \u00e7ift\u00e7imize desteklerimizin \u00f6nemli k\u0131sm\u0131n\u0131 kapal\u0131 sulama sistemlerine ay\u0131r\u0131yoruz. Kapal\u0131 sulama sistemlerine, damlama sulama sistemlerine destek olaca\u011f\u0131z. Tar\u0131msal sulama ile ilgili, ya\u011fmur suyu hasad\u0131 ile ilgili projeler yapaca\u011f\u0131z. Ayr\u0131ca biliyorsunuz ciddi anlamda maliyetler y\u00fckselmeye ba\u015flad\u0131\u011f\u0131 i\u00e7in de Manisa B\u00fcy\u00fck\u015fehir Belediyesi Enerji \u015eirketi \u00fczerinden de \u00e7ift\u00e7ilerimize g\u00fcne\u015f enerjisi ile ilgili destekler sa\u011flayaca\u011f\u0131z.&#8221; diyerek, belediyenin bug\u00fcne kadar \u00e7ift\u00e7ilere verdi\u011fi desteklerden ve \u00f6n\u00fcm\u00fczdeki sene verilecek olan desteklerden bahsetti.<\/p>\n<p>&#8220;Tar\u0131m k\u00fclt\u00fcr\u00fcm\u00fcz\u00fcn temelidir&#8221;<br \/>\n<br \/>Tar\u0131m\u0131n \u00f6neminde dikkat \u00e7eken Manisa Valisi Vahdettin \u00d6zkan ise \u015funlar\u0131 s\u00f6yledi: &#8220;\u015eehrimiz elbette ki bereketin merkezlendi\u011fi bir yer. Bu bereketli topraklar\u0131yla \u00d6zellikle tar\u0131msal verimlili\u011fin \u00e7ok iyi oldu\u011fu bir \u015fehirde ya\u015f\u0131yoruz. Bunu tabii daha da iyile\u015ftiren \u00e7ift\u00e7ilerimizin fedakarl\u0131\u011f\u0131d\u0131r, giri\u015fim ruhudur, tar\u0131ma dayal\u0131 sanayinin iyile\u015fmesi i\u00e7in sanayicimizin bu konuya katk\u0131s\u0131d\u0131r, kat\u0131l\u0131m\u0131d\u0131r. D\u00fcnyay\u0131 tan\u0131yan gen\u00e7lerimizdir. \u00d6zellikle bilgi teknolojilerinin bu anlamda \u00e7ok etkin bir \u015fekilde kullan\u0131lmas\u0131n\u0131n verdi\u011fi f\u0131rsatlard\u0131r. B\u00fct\u00fcn bunlar\u0131 birle\u015ftirdi\u011fimiz zaman \u015fehrimizin tar\u0131msal has\u0131laya dayal\u0131 geli\u015fim ser\u00fcvenini \u00e7ok daha y\u00fcksek bir ivmeye hep beraber kazand\u0131rm\u0131\u015f olaca\u011f\u0131z. Bizim \u00e7ift\u00e7i deyip ge\u00e7memek laz\u0131m, tar\u0131msal faaliyet deyip ge\u00e7memek laz\u0131m. Ger\u00e7ekten tar\u0131m tabiri caizse k\u00fclt\u00fcr\u00fcm\u00fcz\u00fcn, gelene\u011fimizin, ananemizin temelidir.&#8221;<br \/>\n<br \/>Yap\u0131lan konu\u015fmalar\u0131n ard\u0131ndan kurdele kesimi ile fuar\u0131n resmi a\u00e7\u0131l\u0131\u015f\u0131 ger\u00e7ekle\u015ftirildi. Fuar alan\u0131nda firmalar\u0131n stantlar\u0131n\u0131 gezen ve bilgi alan protokol \u00fcyeleri fuar\u0131n \u00fcreticilere hay\u0131rl\u0131 olmas\u0131n\u0131 temenni etti.<br \/>\n<br \/>Fuar, 9 Kas\u0131m Pazar g\u00fcn\u00fc saat 19.00\u2019a kadar misafirlerini a\u011f\u0131rlayacak.<br \/><\/p>\n","protected":false},"excerpt":{"rendered":"<p>Bu sene 19\u2019uncusu ger\u00e7ekle\u015ftirilen Manisa Tar\u0131m ve Hayvanc\u0131l\u0131k Fuar\u0131nda konu\u015fan Manisa B\u00fcy\u00fck\u015fehir Belediye Ba\u015fkan\u0131 Besim Dutlulu ya\u015fanan su sorunu nedeniyle kurumlara adeta seferberlik \u00e7a\u011fr\u0131s\u0131 yapt\u0131. Su kaynaklar\u0131n\u0131n h\u0131zla t\u00fckendi\u011fini vurgulayan Ba\u015fkan Besim Dutlulu, tar\u0131msal \u00fcretimin devam\u0131 i\u00e7in acil \u00f6nlem al\u0131nmas\u0131 gerekti\u011fini s\u00f6yledi. 19. Uluslararas\u0131 Manisa Tar\u0131m ve Hayvanc\u0131l\u0131k Fuar\u0131 a\u00e7\u0131l\u0131\u015f\u0131 ger\u00e7ekle\u015ftirildi. 150\u2019den fazla firman\u0131n binin&#8230;<\/p>\n","protected":false},"author":1,"featured_media":66211,"comment_status":"open","ping_status":"open","sticky":false,"template":"","format":"standard","meta":{"_crdt_document":"","footnotes":""},"categories":[125],"tags":[],"class_list":["post-66210","post","type-post","status-publish","format-standard","has-post-thumbnail","hentry","category-ekonomi"],"_links":{"self":[{"href":"https:\/\/www.egemtv.com\/index.php?rest_route=\/wp\/v2\/posts\/66210","targetHints":{"allow":["GET"]}}],"collection":[{"href":"https:\/\/www.egemtv.com\/index.php?rest_route=\/wp\/v2\/posts"}],"about":[{"href":"https:\/\/www.egemtv.com\/index.php?rest_route=\/wp\/v2\/types\/post"}],"author":[{"embeddable":true,"href":"https:\/\/www.egemtv.com\/index.php?rest_route=\/wp\/v2\/users\/1"}],"replies":[{"embeddable":true,"href":"https:\/\/www.egemtv.com\/index.php?rest_route=%2Fwp%2Fv2%2Fcomments&post=66210"}],"version-history":[{"count":1,"href":"https:\/\/www.egemtv.com\/index.php?rest_route=\/wp\/v2\/posts\/66210\/revisions"}],"predecessor-version":[{"id":66212,"href":"https:\/\/www.egemtv.com\/index.php?rest_route=\/wp\/v2\/posts\/66210\/revisions\/66212"}],"wp:featuredmedia":[{"embeddable":true,"href":"https:\/\/www.egemtv.com\/index.php?rest_route=\/wp\/v2\/media\/66211"}],"wp:attachment":[{"href":"https:\/\/www.egemtv.com\/index.php?rest_route=%2Fwp%2Fv2%2Fmedia&parent=66210"}],"wp:term":[{"taxonomy":"category","embeddable":true,"href":"https:\/\/www.egemtv.com\/index.php?rest_route=%2Fwp%2Fv2%2Fcategories&post=66210"},{"taxonomy":"post_tag","embeddable":true,"href":"https:\/\/www.egemtv.com\/index.php?rest_route=%2Fwp%2Fv2%2Ftags&post=66210"}],"curies":[{"name":"wp","href":"https:\/\/api.w.org\/{rel}","templated":true}]}}